{"id":49981,"date":"2015-01-14T12:53:40","date_gmt":"2015-01-14T15:53:40","guid":{"rendered":"http:\/\/aconteceunovale.com.br\/portal\/?p=49981"},"modified":"2015-01-14T12:53:40","modified_gmt":"2015-01-14T15:53:40","slug":"homem-e-esfaqueado-apos-dar-carona-para-dois-menores-em-santana-do-paraiso","status":"publish","type":"post","link":"https:\/\/aconteceunovale.com.br\/portal\/?p=49981","title":{"rendered":"Homem \u00e9 esfaqueado ap\u00f3s dar carona para dois menores em Santana do Para\u00edso"},"content":{"rendered":"<h4><strong><em>Crime aconteceu nesta ter\u00e7a-feira (13) em Santana do Para\u00edso. Adolescentes fugiram sem levara nada.<\/em><\/strong><\/h4>\n<p>Um homem de 47 anos ficou ferido ap\u00f3s sofrer uma tentativa de assalto nesta ter\u00e7a-feira (13) no Bairro Ipabinha, em Santana do Para\u00edso. Segundo a pol\u00edcia, dois menores de 13 e 15 anos o abordaram e pediram carona, no decorrer do caminho um deles anunciou o roubo e feriu a v\u00edtima com uma facada no pesco\u00e7o.<\/p>\n<p>Ainda de acordo com a pol\u00edcia, o homem conseguiu pegar a faca do adolescente e o feriu na perna. Os menores fugiram e foram encontrados em casa, horas depois. Mesmo com o ferimento no pesco\u00e7o, a v\u00edtima continuou dirigindo e acabou batendo o carro em outro ve\u00edculo na Avenida Carlos Edmundo. <\/p>\n<p>Os dois menores confessaram o crime e disseram que sabiam que o homem estava com uma grande quantia de dinheiro dentro do carro. Eles foram levados para a delegacia, j\u00e1 a v\u00edtima foi encaminhada para um hospital e n\u00e3o corre risco de morrer. (G1)<\/p>\n","protected":false},"excerpt":{"rendered":"<p>Crime aconteceu nesta ter\u00e7a-feira (13) em Santana do Para\u00edso. Adolescentes fugiram sem levara nada. Um homem de 47 anos ficou ferido ap\u00f3s sofrer uma tentativa de assalto nesta ter\u00e7a-feira (13) no Bairro Ipabinha, em Santana do Para\u00edso. Segundo a pol\u00edcia, dois menores de 13 e 15 anos o abordaram e pediram carona, no decorrer do [&hellip;]<\/p>\n","protected":false},"author":1,"featured_media":49982,"comment_status":"open","ping_status":"closed","sticky":false,"template":"","format":"standard","meta":{"amp_status":"","footnotes":""},"categories":[121],"tags":[29849,2101],"class_list":["post-49981","post","type-post","status-publish","format-standard","has-post-thumbnail","hentry","category-leste","tag-homem-e-esfaqueado-apos-dar-carona-para-dois-menores-em-santana-do-paraiso","tag-santana-do-paraiso"],"_links":{"self":[{"href":"https:\/\/aconteceunovale.com.br\/portal\/index.php?rest_route=\/wp\/v2\/posts\/49981","targetHints":{"allow":["GET"]}}],"collection":[{"href":"https:\/\/aconteceunovale.com.br\/portal\/index.php?rest_route=\/wp\/v2\/posts"}],"about":[{"href":"https:\/\/aconteceunovale.com.br\/portal\/index.php?rest_route=\/wp\/v2\/types\/post"}],"author":[{"embeddable":true,"href":"https:\/\/aconteceunovale.com.br\/portal\/index.php?rest_route=\/wp\/v2\/users\/1"}],"replies":[{"embeddable":true,"href":"https:\/\/aconteceunovale.com.br\/portal\/index.php?rest_route=%2Fwp%2Fv2%2Fcomments&post=49981"}],"version-history":[{"count":0,"href":"https:\/\/aconteceunovale.com.br\/portal\/index.php?rest_route=\/wp\/v2\/posts\/49981\/revisions"}],"wp:featuredmedia":[{"embeddable":true,"href":"https:\/\/aconteceunovale.com.br\/portal\/index.php?rest_route=\/wp\/v2\/media\/49982"}],"wp:attachment":[{"href":"https:\/\/aconteceunovale.com.br\/portal\/index.php?rest_route=%2Fwp%2Fv2%2Fmedia&parent=49981"}],"wp:term":[{"taxonomy":"category","embeddable":true,"href":"https:\/\/aconteceunovale.com.br\/portal\/index.php?rest_route=%2Fwp%2Fv2%2Fcategories&post=49981"},{"taxonomy":"post_tag","embeddable":true,"href":"https:\/\/aconteceunovale.com.br\/portal\/index.php?rest_route=%2Fwp%2Fv2%2Ftags&post=49981"}],"curies":[{"name":"wp","href":"https:\/\/api.w.org\/{rel}","templated":true}]}}