{"id":49978,"date":"2015-01-14T12:39:14","date_gmt":"2015-01-14T15:39:14","guid":{"rendered":"http:\/\/aconteceunovale.com.br\/portal\/?p=49978"},"modified":"2015-01-14T19:10:55","modified_gmt":"2015-01-14T22:10:55","slug":"colisao-frontal-entre-carro-e-caminhao-deixa-tres-mortos-e-dois-feridos-no-vale-do-jequitinhonha","status":"publish","type":"post","link":"https:\/\/aconteceunovale.com.br\/portal\/?p=49978","title":{"rendered":"Colis\u00e3o frontal entre carro e caminh\u00e3o deixa tr\u00eas mortos e dois feridos no Vale do Jequitinhonha"},"content":{"rendered":"<h4><strong><em>Acidente aconteceu nesta ter\u00e7a-feira (13) na BR-116.  Duas pessoas ficaram feridas e foram encaminhadas para atendimento m\u00e9dico.<\/em><\/strong><\/h4>\n<p>Tr\u00eas pessoas morreram e duas ficaram feridas em um grav\u00edssimo acidente, na noite desta ter\u00e7a-feira, 13 de janeiro, na altura do quil\u00f4metro 71 da BR-116, pr\u00f3ximo a Medina, no Vale do Jequitinhonha. De acordo com informa\u00e7\u00f5es da Pol\u00edcia Rodovi\u00e1ria Federal, um ve\u00edculo Ford Ecosport bateu de frente com um caminh\u00e3o, ap\u00f3s invadir a contram\u00e3o.<\/p>\n<p>Testemunhas relataram \u00e0 PRF que o ve\u00edculo de passeio, com placa de Guarulhos (SP), for\u00e7ou uma ultrapassagem em trecho de faixa continua, com curvas e pr\u00f3ximo de uma ponte.<\/p>\n<p>Morreram o condutor do ve\u00edculo de passeio, Valdeci Alves da Silva, de 42 anos, e os passageiros, Leonardo Luiz da Silva, de 24 anos, e Jos\u00e9 Vital Alves da Silva, que chegou a ser socorrido por um ambul\u00e2ncia do Servi\u00e7o de Atendimento M\u00f3vel de Urg\u00eancia (Samu) at\u00e9 o Hospital Santa Rita, em Medina.<\/p>\n<p>Um quarto passageiro do Ecosport, Jackson Alves da Silva, de 21 anos, e o motorista do caminh\u00e3o, Renato Batista Brand\u00e3o, de 33 anos, motorista do caminh\u00e3o, foram levados para a mesma unidade em estado grave.<\/p>\n<p>O tr\u00e2nsito ficou parcialmente interditado no trecho por cerca de tr\u00eas horas para os trabalhos de resgate, per\u00edcia e reboque. (O Tempo)<\/p>\n","protected":false},"excerpt":{"rendered":"<p>Acidente aconteceu nesta ter\u00e7a-feira (13) na BR-116. Duas pessoas ficaram feridas e foram encaminhadas para atendimento m\u00e9dico. Tr\u00eas pessoas morreram e duas ficaram feridas em um grav\u00edssimo acidente, na noite desta ter\u00e7a-feira, 13 de janeiro, na altura do quil\u00f4metro 71 da BR-116, pr\u00f3ximo a Medina, no Vale do Jequitinhonha. De acordo com informa\u00e7\u00f5es da Pol\u00edcia [&hellip;]<\/p>\n","protected":false},"author":1,"featured_media":49979,"comment_status":"open","ping_status":"closed","sticky":false,"template":"","format":"standard","meta":{"amp_status":"","footnotes":""},"categories":[120],"tags":[29847,29848,3945,29846,29845,4611,29906,29905,29904,389,29907,29903],"class_list":["post-49978","post","type-post","status-publish","format-standard","has-post-thumbnail","hentry","category-jequi","tag-acidente-em-medina","tag-acidente-na-br-116-em-medina","tag-acidente-na-br-116","tag-colisao-frontal-entre-carro-e-caminhao-deixa-tres-mortos-e-dois-feridos-em-medina","tag-colisao-frontal-entre-carro-e-caminhao-deixa-tres-mortos-e-dois-feridos-no-vale-do-jequitinhonha","tag-guarulhos","tag-jackson-alves-da-silva","tag-jose-vital-alves-da-silva","tag-leonardo-luiz-da-silva","tag-medina","tag-renato-batista-brandao","tag-valdeci-alves-da-silva"],"_links":{"self":[{"href":"https:\/\/aconteceunovale.com.br\/portal\/index.php?rest_route=\/wp\/v2\/posts\/49978","targetHints":{"allow":["GET"]}}],"collection":[{"href":"https:\/\/aconteceunovale.com.br\/portal\/index.php?rest_route=\/wp\/v2\/posts"}],"about":[{"href":"https:\/\/aconteceunovale.com.br\/portal\/index.php?rest_route=\/wp\/v2\/types\/post"}],"author":[{"embeddable":true,"href":"https:\/\/aconteceunovale.com.br\/portal\/index.php?rest_route=\/wp\/v2\/users\/1"}],"replies":[{"embeddable":true,"href":"https:\/\/aconteceunovale.com.br\/portal\/index.php?rest_route=%2Fwp%2Fv2%2Fcomments&post=49978"}],"version-history":[{"count":0,"href":"https:\/\/aconteceunovale.com.br\/portal\/index.php?rest_route=\/wp\/v2\/posts\/49978\/revisions"}],"wp:featuredmedia":[{"embeddable":true,"href":"https:\/\/aconteceunovale.com.br\/portal\/index.php?rest_route=\/wp\/v2\/media\/49979"}],"wp:attachment":[{"href":"https:\/\/aconteceunovale.com.br\/portal\/index.php?rest_route=%2Fwp%2Fv2%2Fmedia&parent=49978"}],"wp:term":[{"taxonomy":"category","embeddable":true,"href":"https:\/\/aconteceunovale.com.br\/portal\/index.php?rest_route=%2Fwp%2Fv2%2Fcategories&post=49978"},{"taxonomy":"post_tag","embeddable":true,"href":"https:\/\/aconteceunovale.com.br\/portal\/index.php?rest_route=%2Fwp%2Fv2%2Ftags&post=49978"}],"curies":[{"name":"wp","href":"https:\/\/api.w.org\/{rel}","templated":true}]}}