{"id":49971,"date":"2015-01-14T12:15:44","date_gmt":"2015-01-14T15:15:44","guid":{"rendered":"http:\/\/aconteceunovale.com.br\/portal\/?p=49971"},"modified":"2015-01-14T13:46:16","modified_gmt":"2015-01-14T16:46:16","slug":"saiba-como-chegar-a-almenara-apos-a-interdicao-total-da-ponte-sobre-o-rio-jequitinhonha","status":"publish","type":"post","link":"https:\/\/aconteceunovale.com.br\/portal\/?p=49971","title":{"rendered":"Saiba como chegar a Almenara ap\u00f3s a interdi\u00e7\u00e3o total da ponte sobre o Rio Jequitinhonha"},"content":{"rendered":"<h4><strong><em>Passageiros a p\u00e9 podem atravessar o rio em barcos da Pol\u00edcia Militar de Meio Ambiente. J\u00e1 os condutores de ve\u00edculos t\u00eam duas op\u00e7\u00f5es de desvios.<\/em><\/strong><\/h4>\n<p>Ap\u00f3s a interdi\u00e7\u00e3o total da ponte de acesso a Almenara, no Vale do Jequitinhonha, provid\u00eancias come\u00e7am a ser adotadas para o tr\u00e1fego de pessoas entre a regi\u00e3o central da cidade ao bairro Cidade Nova e a rodovia BR-367.<\/p>\n<p><img decoding=\"async\" src=\"http:\/\/aconteceunovale.com.br\/portal\/wp-content\/uploads\/2015\/01\/situacao_almenara_1.jpg\" alt=\"\" \/><em>Barcos s\u00e3o utilizados para travessia de moradores &#8211; Foto: Reprodu\u00e7\u00e3o<\/em><br \/>\n<\/br><\/p>\n<p>Na manh\u00e3 desta quarta-feira (14), dois barcos motorizados da Pol\u00edcia Militar de Meio Ambiente do munic\u00edpio de Jequitinhonha chegaram a Almenara para fazerem a travessia de moradores. At\u00e9 ent\u00e3o esse servi\u00e7o era feito por canoeiros, que cobravam cerca de R$ 5 reais por pessoa. <\/p>\n<p>Outro dilema \u00e9 com rela\u00e7\u00e3o \u00e0 chegada de ve\u00edculos na cidade. Existem duas op\u00e7\u00f5es de desvios, a primeira pela BR-116 at\u00e9 o trevo de Pedra Azul, depois pela MGC-251 at\u00e9 Pedra Azul e para chegar at\u00e9 Almenara, pela MG-406. Para quem est\u00e1 saindo de Almenara, basta seguir pela MG-406, de Almenara a Pedra Azul, depois pela MGC-251 at\u00e9 o trevo da BR-116.<\/p>\n<p><img decoding=\"async\" src=\"http:\/\/aconteceunovale.com.br\/portal\/wp-content\/uploads\/2015\/01\/chegar_almenara_1.jpg\" alt=\"\" \/><em>Desvio pela cidade de Pedra Azul &#8211; Foto: Reprodu\u00e7\u00e3o \/ Google Maps<\/em><br \/>\n<\/br><\/p>\n<p>Outra op\u00e7\u00e3o \u00e9 seguir pela BR-367 at\u00e9 Jacinto, atravessar o Jequitinhonha e seguir por uma rodovia que liga o munic\u00edpio vizinho a Ava\u00ed do Jacinto, em seguida seguir at\u00e9 Almenara pela LMG-634. Para quem est\u00e1 em Almenara, pode seguir pela LMG-634 at\u00e9 Ava\u00ed do Jacinto, depois passar pela rodovia municipal que liga Ava\u00ed do Jacinto a Jacinto, e ent\u00e3o poder\u00e1 prosseguir viagem pela BR-367.<\/p>\n<h4>Busca de recursos<\/h4>\n<p>A prefeita do munic\u00edpio, Fabiany Ferraz Gil Figueiredo (PSDB), viajou na madrugada desta quarta-feira, em busca de solu\u00e7\u00e3o para o problema. A prefeita recebeu o comunicado de interdi\u00e7\u00e3o da estrutura em uma reuni\u00e3o realizada nessa ter\u00e7a-feira, ap\u00f3s estudos t\u00e9cnicos realizados pelos engenheiros Wagner Ant\u00f4nio Gon\u00e7alves da Silva, da Ger\u00eancia de Pontes e Estruturas do Departamento de Estradas de Rodagens de Minas Gerais (DER\/MG), e Vinicius Gatti Queiroga, Coordenador Regional da 21\u00aa CRG \u2013 Jequitinhonha.<\/p>\n<h4>Saiba mais [+] <\/h4>\n<p><a href=\"http:\/\/aconteceunovale.com.br\/portal\/?p=49916\" target=\"_blank\">&#8211; Ponte de acesso \u00e0 cidade de Almenara \u00e9 completamente interditada<\/a><br \/>\n<a href=\"http:\/\/aconteceunovale.com.br\/portal\/?p=49728\" target=\"_blank\">&#8211; Ponte de Almenara \u00e9 liberada para travessia de motos e carros de pequenos<\/a><\/p>\n","protected":false},"excerpt":{"rendered":"<p>Passageiros a p\u00e9 podem atravessar o rio em barcos da Pol\u00edcia Militar de Meio Ambiente. J\u00e1 os condutores de ve\u00edculos t\u00eam duas op\u00e7\u00f5es de desvios. Ap\u00f3s a interdi\u00e7\u00e3o total da ponte de acesso a Almenara, no Vale do Jequitinhonha, provid\u00eancias come\u00e7am a ser adotadas para o tr\u00e1fego de pessoas entre a regi\u00e3o central da cidade [&hellip;]<\/p>\n","protected":false},"author":1,"featured_media":45749,"comment_status":"open","ping_status":"closed","sticky":false,"template":"","format":"standard","meta":{"amp_status":"","footnotes":""},"categories":[120],"tags":[142,29840,29844,29841,29843,29842,29839,29838],"class_list":["post-49971","post","type-post","status-publish","format-standard","has-post-thumbnail","hentry","category-jequi","tag-almenara","tag-como-chegar-a-almenara","tag-desvio-para-chegar-em-almenara","tag-desvios-para-chegar-a-almenara","tag-interdicao-total-da-ponte-de-almenara","tag-saiba-como-chegar-a-almenara","tag-saiba-como-chegar-a-almenara-apos-a-interdicao-total-da-ponte","tag-saiba-como-chegar-a-almenara-apos-a-interdicao-total-da-ponte-sobre-o-rio-jequitinhonha"],"_links":{"self":[{"href":"https:\/\/aconteceunovale.com.br\/portal\/index.php?rest_route=\/wp\/v2\/posts\/49971","targetHints":{"allow":["GET"]}}],"collection":[{"href":"https:\/\/aconteceunovale.com.br\/portal\/index.php?rest_route=\/wp\/v2\/posts"}],"about":[{"href":"https:\/\/aconteceunovale.com.br\/portal\/index.php?rest_route=\/wp\/v2\/types\/post"}],"author":[{"embeddable":true,"href":"https:\/\/aconteceunovale.com.br\/portal\/index.php?rest_route=\/wp\/v2\/users\/1"}],"replies":[{"embeddable":true,"href":"https:\/\/aconteceunovale.com.br\/portal\/index.php?rest_route=%2Fwp%2Fv2%2Fcomments&post=49971"}],"version-history":[{"count":0,"href":"https:\/\/aconteceunovale.com.br\/portal\/index.php?rest_route=\/wp\/v2\/posts\/49971\/revisions"}],"wp:featuredmedia":[{"embeddable":true,"href":"https:\/\/aconteceunovale.com.br\/portal\/index.php?rest_route=\/wp\/v2\/media\/45749"}],"wp:attachment":[{"href":"https:\/\/aconteceunovale.com.br\/portal\/index.php?rest_route=%2Fwp%2Fv2%2Fmedia&parent=49971"}],"wp:term":[{"taxonomy":"category","embeddable":true,"href":"https:\/\/aconteceunovale.com.br\/portal\/index.php?rest_route=%2Fwp%2Fv2%2Fcategories&post=49971"},{"taxonomy":"post_tag","embeddable":true,"href":"https:\/\/aconteceunovale.com.br\/portal\/index.php?rest_route=%2Fwp%2Fv2%2Ftags&post=49971"}],"curies":[{"name":"wp","href":"https:\/\/api.w.org\/{rel}","templated":true}]}}