{"id":49962,"date":"2015-01-14T11:30:04","date_gmt":"2015-01-14T14:30:04","guid":{"rendered":"http:\/\/aconteceunovale.com.br\/portal\/?p=49962"},"modified":"2015-01-14T11:30:04","modified_gmt":"2015-01-14T14:30:04","slug":"safra-mineira-de-cafe-deve-alcancar-233-milhoes-de-sacas-no-ano-de-2015","status":"publish","type":"post","link":"https:\/\/aconteceunovale.com.br\/portal\/?p=49962","title":{"rendered":"Safra mineira de caf\u00e9 deve alcan\u00e7ar 23,3 milh\u00f5es de sacas no ano de 2015"},"content":{"rendered":"<h4><strong><em>Estimativa faz parte do primeiro levantamento de safra da Conab. No ano passado, aproximadamente 21,1 milh\u00f5es de sacas foram exportadas<\/em><\/strong><\/h4>\n<p>A produ\u00e7\u00e3o de caf\u00e9 em Minas Gerais, nesta safra, deve atingir a m\u00e9dia de 23,3 milh\u00f5es de sacas. Os n\u00fameros fazem parte do primeiro levantamento da Companhia Nacional de Abastecimento (Conab) e deve ficar bem pr\u00f3ximo do produzido na safra passada, que foi de 22,6 milh\u00f5es de sacas.<\/p>\n<p><img decoding=\"async\" src=\"http:\/\/aconteceunovale.com.br\/portal\/wp-content\/uploads\/2015\/01\/cafe_planta.jpg\" alt=\"\" \/><em>O caf\u00e9 \u00e9 o principal produto de exporta\u00e7\u00f5es do agroneg\u00f3cio mineiro &#8211; Foto: Divulga\u00e7\u00e3o<\/em><br \/>\n<\/br><\/p>\n<p>De acordo com o assessor t\u00e9cnico do Caf\u00e9 da Secretaria de Agricultura, Pecu\u00e1ria e Abastecimento (Seapa), Niwton Castro Moraes, os dados foram coletados em dezembro, ap\u00f3s um per\u00edodo de boas floradas e de uma recupera\u00e7\u00e3o de pre\u00e7os que permitiu o investimento em tratos culturais. \u201cA partir da coleta dos dados at\u00e9 este momento, \u00e9 poss\u00edvel que a estiagem provoque perdas na safra, alterando pra baixo esta estimativa\u201d, explica.<\/p>\n<p>Em 2015, o pre\u00e7o do caf\u00e9 deve se manter nos patamares do pre\u00e7o praticado hoje, que \u00e9 de R$ 500 a saca de 60 quilos. Para efeito de compara\u00e7\u00e3o, em 2013, o pre\u00e7o m\u00e9dio da saca ficou em R$ 288 e, no ano passado, foi de R$ 418. Na avalia\u00e7\u00e3o do assessor da Seapa, o valor negociado atualmente \u00e9 um bom pre\u00e7o para o produtor que n\u00e3o enfrentou problemas com a estiagem. \u201cComo a receita \u00e9 uma combina\u00e7\u00e3o entre pre\u00e7o e volume, quem n\u00e3o teve perdas significativas est\u00e1 conseguindo ter um retorno financeiro razo\u00e1vel, mas n\u00e3o \u00e9 o caso da maioria dos produtores mineiros porque grande parte enfrentou algum tipo de redu\u00e7\u00e3o na produ\u00e7\u00e3o, observa.<\/p>\n<p>A bienalidade, caracter\u00edstica da cultura do caf\u00e9, que alterna um ano de boa produ\u00e7\u00e3o com outro de produ\u00e7\u00e3o reduzida, n\u00e3o ter\u00e1 impacto significativo. A bienalidade foi negativa em 2013 e, no ano passado, a safra deveria ter sido cheia, mas foi prejudicada pela estiagem. Neste ano, que seria novamente de safra reduzida, o volume vai se aproximar do registrado no ano anterior.<\/p>\n<p>Outros pontos tamb\u00e9m v\u00eam influenciando a redu\u00e7\u00e3o dessa flutua\u00e7\u00e3o da safra, como a ado\u00e7\u00e3o de tratos culturais e o plantio de alta densidade. Ainda segundo o assessor Niwton Moraes, a amplitude da bienalidade vem sendo reduzida a cada ano. \u201cEm termos de estado ou pa\u00eds, essa varia\u00e7\u00e3o \u00e9 atenuada porque algumas regi\u00f5es est\u00e3o na bienalidade oposta, amenizando o efeito de varia\u00e7\u00e3o da safra\u201d, explica.<\/p>\n<h4>Mercado<\/h4>\n<p>Cerca de 93% da safra mineira (21,1 milh\u00f5es de sacas) foram exportadas em 2014, sendo que, no ano anterior, o volume exportado foi de 64% (18,8 milh\u00f5es de sacas). O consumo mundial de caf\u00e9 registrou crescimento em torno de 3% e a produ\u00e7\u00e3o n\u00e3o vem acompanhando o mesmo ritmo. Como o Brasil responde por um ter\u00e7o da safra mundial, a quebra da safra brasileira influi de maneira significativa no cen\u00e1rio global. Neste caso, o estoque de passagem chega com menor express\u00e3o, o que pode contribuir para manter os pre\u00e7os em patamares semelhantes aos verificados at\u00e9 o momento.<\/p>\n<p>A atual tend\u00eancia tamb\u00e9m sinaliza para algum crescimento do consumo interno, com possibilidade de agrega\u00e7\u00e3o de valor, \u00e0 medida que os consumidores brasileiros buscam cada vez mais produtos de melhor qualidade, diferentes formas de apresenta\u00e7\u00e3o e praticidade. Segundo Niwton Moraes, a perspectiva para os produtores \u00e9 que 2015 seja melhor para os produtores, considerando-se que a perda de safra n\u00e3o seja t\u00e3o expressiva e, ainda, acreditando-se que os pre\u00e7os se mantenham nos n\u00edveis atuais. (Ag\u00eancia Minas)<\/p>\n","protected":false},"excerpt":{"rendered":"<p>Estimativa faz parte do primeiro levantamento de safra da Conab. No ano passado, aproximadamente 21,1 milh\u00f5es de sacas foram exportadas A produ\u00e7\u00e3o de caf\u00e9 em Minas Gerais, nesta safra, deve atingir a m\u00e9dia de 23,3 milh\u00f5es de sacas. Os n\u00fameros fazem parte do primeiro levantamento da Companhia Nacional de Abastecimento (Conab) e deve ficar bem [&hellip;]<\/p>\n","protected":false},"author":1,"featured_media":49963,"comment_status":"open","ping_status":"closed","sticky":false,"template":"","format":"standard","meta":{"amp_status":"","footnotes":""},"categories":[123],"tags":[29827,1018,29828,29826,26492,29825,29823,29822,29824,27578],"class_list":["post-49962","post","type-post","status-publish","format-standard","has-post-thumbnail","hentry","category-gerais","tag-conab","tag-destaque","tag-niwton-castro-moraes","tag-niwton-morae","tag-producao-de-cafe-em-minas-gerais","tag-producao-de-cafe-em-minas-gerais-no-ano-2015","tag-safra-mineira-de-cafe","tag-safra-mineira-de-cafe-deve-alcancar-23-milhoes-de-sacas-no-ano-de-2015","tag-safra-mineira-de-cafe-em-2015","tag-seapa"],"_links":{"self":[{"href":"https:\/\/aconteceunovale.com.br\/portal\/index.php?rest_route=\/wp\/v2\/posts\/49962","targetHints":{"allow":["GET"]}}],"collection":[{"href":"https:\/\/aconteceunovale.com.br\/portal\/index.php?rest_route=\/wp\/v2\/posts"}],"about":[{"href":"https:\/\/aconteceunovale.com.br\/portal\/index.php?rest_route=\/wp\/v2\/types\/post"}],"author":[{"embeddable":true,"href":"https:\/\/aconteceunovale.com.br\/portal\/index.php?rest_route=\/wp\/v2\/users\/1"}],"replies":[{"embeddable":true,"href":"https:\/\/aconteceunovale.com.br\/portal\/index.php?rest_route=%2Fwp%2Fv2%2Fcomments&post=49962"}],"version-history":[{"count":0,"href":"https:\/\/aconteceunovale.com.br\/portal\/index.php?rest_route=\/wp\/v2\/posts\/49962\/revisions"}],"wp:featuredmedia":[{"embeddable":true,"href":"https:\/\/aconteceunovale.com.br\/portal\/index.php?rest_route=\/wp\/v2\/media\/49963"}],"wp:attachment":[{"href":"https:\/\/aconteceunovale.com.br\/portal\/index.php?rest_route=%2Fwp%2Fv2%2Fmedia&parent=49962"}],"wp:term":[{"taxonomy":"category","embeddable":true,"href":"https:\/\/aconteceunovale.com.br\/portal\/index.php?rest_route=%2Fwp%2Fv2%2Fcategories&post=49962"},{"taxonomy":"post_tag","embeddable":true,"href":"https:\/\/aconteceunovale.com.br\/portal\/index.php?rest_route=%2Fwp%2Fv2%2Ftags&post=49962"}],"curies":[{"name":"wp","href":"https:\/\/api.w.org\/{rel}","templated":true}]}}