{"id":49714,"date":"2015-01-10T15:04:46","date_gmt":"2015-01-10T18:04:46","guid":{"rendered":"http:\/\/aconteceunovale.com.br\/portal\/?p=49714"},"modified":"2026-09-02T12:05:22","modified_gmt":"2026-09-02T15:05:22","slug":"almenara-realiza-uma-das-maiores-micaretas-do-estado","status":"publish","type":"post","link":"https:\/\/aconteceunovale.com.br\/portal\/?p=49714","title":{"rendered":"Almenara realiza uma das maiores micaretas do Estado"},"content":{"rendered":"<h4><strong><em>Festa continua neste s\u00e1bado com show de Alline Rosa e Jarley. Micareta de Almenara \u00e9 um dos maiores circuitos de rua do Estado.<\/em><\/strong><\/h4>\n<p>Come\u00e7ou nessa sexta-feira e vai at\u00e9 amanh\u00e3, domingo (11), a Micareta de Almenara 2015. O tradicional evento do Baixo Jequitinhonha \u00e9 considerado um dos maiores circuitos de rua do Estado de Minas Gerais e arrasta milhares de foli\u00f5es todos os anos.<\/p>\n<p>A festa come\u00e7ou na noite de ontem com mega show do Ex-vocalista do Asa de \u00c1guia, Durval Lellys, e Banda Barco a Vela. Neste s\u00e1bado, quem comanda a folia \u00e9 a baiana Alinne Rosa, Ex-vocalista da Banda Cheira de Amor, e o cantor Jarley. J\u00e1 no domingo, as bandas Eva e Made In Bahia ser\u00e3o respons\u00e1veis por arrastar o trio pelo circuito da folia.<\/p>\n<p><img decoding=\"async\" src=\"http:\/\/aconteceunovale.com.br\/portal\/wp-content\/uploads\/2015\/01\/micareta_de_almenara_2015.jpg\" alt=\"\" \/><em>Micareta de Almenara \u00e9 um dos maiores circuitos de rua do Estado &#8211; Foto: Divulga\u00e7\u00e3o <\/em><\/p>\n","protected":false},"excerpt":{"rendered":"<p>Festa continua neste s\u00e1bado com show de Alline Rosa e Jarley. Micareta de Almenara \u00e9 um dos maiores circuitos de rua do Estado. Come\u00e7ou nessa sexta-feira e vai at\u00e9 amanh\u00e3, domingo (11), a Micareta de Almenara 2015. O tradicional evento do Baixo Jequitinhonha \u00e9 considerado um dos maiores circuitos de rua do Estado de Minas [&hellip;]<\/p>\n","protected":false},"author":1,"featured_media":49716,"comment_status":"open","ping_status":"closed","sticky":false,"template":"","format":"standard","meta":{"amp_status":"","footnotes":""},"categories":[272528,120],"tags":[142,29472,29471,29470],"class_list":["post-49714","post","type-post","status-publish","format-standard","has-post-thumbnail","hentry","category-almenara","category-jequi","tag-almenara","tag-almenara-realiza-uma-das-maiores-micaretas-do-estado","tag-micareta-de-almenara","tag-micareta-de-almenara-2015"],"yoast_head":"<!-- This site is optimized with the Yoast SEO plugin v28.3 - https:\/\/yoast.com\/product\/yoast-seo-wordpress\/ -->\n<title>Almenara realiza uma das maiores micaretas do Estado - Aconteceu no Vale<\/title>\n<meta name=\"robots\" content=\"index, follow, max-snippet:-1, max-image-preview:large, max-video-preview:-1\" \/>\n<link rel=\"canonical\" href=\"https:\/\/aconteceunovale.com.br\/portal\/?p=49714\" \/>\n<meta property=\"og:locale\" content=\"pt_BR\" \/>\n<meta property=\"og:type\" content=\"article\" \/>\n<meta property=\"og:title\" content=\"Almenara realiza uma das maiores micaretas do Estado - Aconteceu no Vale\" \/>\n<meta property=\"og:description\" content=\"Festa continua neste s\u00e1bado com show de Alline Rosa e Jarley. Micareta de Almenara \u00e9 um dos maiores circuitos de rua do Estado. Come\u00e7ou nessa sexta-feira e vai at\u00e9 amanh\u00e3, domingo (11), a Micareta de Almenara 2015. O tradicional evento do Baixo Jequitinhonha \u00e9 considerado um dos maiores circuitos de rua do Estado de Minas [&hellip;]\" \/>\n<meta property=\"og:url\" content=\"https:\/\/aconteceunovale.com.br\/portal\/?p=49714\" \/>\n<meta property=\"og:site_name\" content=\"Aconteceu no Vale\" \/>\n<meta property=\"article:publisher\" content=\"https:\/\/www.facebook.com\/aconteceunovale\/\" \/>\n<meta property=\"article:published_time\" content=\"2015-01-10T18:04:46+00:00\" \/>\n<meta property=\"article:modified_time\" content=\"2026-09-02T15:05:22+00:00\" \/>\n<meta property=\"og:image\" content=\"https:\/\/aconteceunovale.com.br\/portal\/wp-content\/uploads\/2015\/01\/micareta_de_almenara_2015.jpg\" \/>\n\t<meta property=\"og:image:width\" content=\"678\" \/>\n\t<meta property=\"og:image:height\" content=\"391\" \/>\n\t<meta property=\"og:image:type\" content=\"image\/jpeg\" \/>\n<meta name=\"author\" content=\"Aconteceu no Vale\" \/>\n<meta name=\"twitter:card\" content=\"summary_large_image\" \/>\n<meta name=\"twitter:creator\" content=\"@noticiadosvales\" \/>\n<meta name=\"twitter:site\" content=\"@noticiadosvales\" \/>\n<meta name=\"twitter:label1\" content=\"Escrito por\" \/>\n\t<meta name=\"twitter:data1\" content=\"Aconteceu no Vale\" \/>\n\t<meta name=\"twitter:label2\" content=\"Est. tempo de leitura\" \/>\n\t<meta name=\"twitter:data2\" content=\"1 minuto\" \/>\n<script type=\"application\/ld+json\" class=\"yoast-schema-graph\">{\"@context\":\"https:\\\/\\\/schema.org\",\"@graph\":[{\"@type\":\"Article\",\"@id\":\"https:\\\/\\\/aconteceunovale.com.br\\\/portal\\\/?p=49714#article\",\"isPartOf\":{\"@id\":\"https:\\\/\\\/aconteceunovale.com.br\\\/portal\\\/?p=49714\"},\"author\":{\"name\":\"Aconteceu no Vale\",\"@id\":\"https:\\\/\\\/aconteceunovale.com.br\\\/portal\\\/#\\\/schema\\\/person\\\/633529146f2c94272bef50ac2953d589\"},\"headline\":\"Almenara realiza uma das maiores micaretas do Estado\",\"datePublished\":\"2015-01-10T18:04:46+00:00\",\"dateModified\":\"2026-09-02T15:05:22+00:00\",\"mainEntityOfPage\":{\"@id\":\"https:\\\/\\\/aconteceunovale.com.br\\\/portal\\\/?p=49714\"},\"wordCount\":153,\"commentCount\":0,\"image\":{\"@id\":\"https:\\\/\\\/aconteceunovale.com.br\\\/portal\\\/?p=49714#primaryimage\"},\"thumbnailUrl\":\"https:\\\/\\\/aconteceunovale.com.br\\\/portal\\\/wp-content\\\/uploads\\\/2015\\\/01\\\/micareta_de_almenara_2015.jpg\",\"keywords\":[\"Almenara\",\"Almenara realiza uma das maiores micaretas do Estado\",\"Micareta de Almenara\",\"Micareta de Almenara 2015\"],\"articleSection\":[\"Almenara\",\"Vale do Jequitinhonha\"],\"inLanguage\":\"pt-BR\",\"potentialAction\":[{\"@type\":\"CommentAction\",\"name\":\"Comment\",\"target\":[\"https:\\\/\\\/aconteceunovale.com.br\\\/portal\\\/?p=49714#respond\"]}]},{\"@type\":\"WebPage\",\"@id\":\"https:\\\/\\\/aconteceunovale.com.br\\\/portal\\\/?p=49714\",\"url\":\"https:\\\/\\\/aconteceunovale.com.br\\\/portal\\\/?p=49714\",\"name\":\"Almenara realiza uma das maiores micaretas do Estado - Aconteceu no Vale\",\"isPartOf\":{\"@id\":\"https:\\\/\\\/aconteceunovale.com.br\\\/portal\\\/#website\"},\"primaryImageOfPage\":{\"@id\":\"https:\\\/\\\/aconteceunovale.com.br\\\/portal\\\/?p=49714#primaryimage\"},\"image\":{\"@id\":\"https:\\\/\\\/aconteceunovale.com.br\\\/portal\\\/?p=49714#primaryimage\"},\"thumbnailUrl\":\"https:\\\/\\\/aconteceunovale.com.br\\\/portal\\\/wp-content\\\/uploads\\\/2015\\\/01\\\/micareta_de_almenara_2015.jpg\",\"datePublished\":\"2015-01-10T18:04:46+00:00\",\"dateModified\":\"2026-09-02T15:05:22+00:00\",\"author\":{\"@id\":\"https:\\\/\\\/aconteceunovale.com.br\\\/portal\\\/#\\\/schema\\\/person\\\/633529146f2c94272bef50ac2953d589\"},\"breadcrumb\":{\"@id\":\"https:\\\/\\\/aconteceunovale.com.br\\\/portal\\\/?p=49714#breadcrumb\"},\"inLanguage\":\"pt-BR\",\"potentialAction\":[{\"@type\":\"ReadAction\",\"target\":[\"https:\\\/\\\/aconteceunovale.com.br\\\/portal\\\/?p=49714\"]}]},{\"@type\":\"ImageObject\",\"inLanguage\":\"pt-BR\",\"@id\":\"https:\\\/\\\/aconteceunovale.com.br\\\/portal\\\/?p=49714#primaryimage\",\"url\":\"https:\\\/\\\/aconteceunovale.com.br\\\/portal\\\/wp-content\\\/uploads\\\/2015\\\/01\\\/micareta_de_almenara_2015.jpg\",\"contentUrl\":\"https:\\\/\\\/aconteceunovale.com.br\\\/portal\\\/wp-content\\\/uploads\\\/2015\\\/01\\\/micareta_de_almenara_2015.jpg\",\"width\":678,\"height\":391},{\"@type\":\"BreadcrumbList\",\"@id\":\"https:\\\/\\\/aconteceunovale.com.br\\\/portal\\\/?p=49714#breadcrumb\",\"itemListElement\":[{\"@type\":\"ListItem\",\"position\":1,\"name\":\"In\u00edcio\",\"item\":\"https:\\\/\\\/aconteceunovale.com.br\\\/portal\\\/\"},{\"@type\":\"ListItem\",\"position\":2,\"name\":\"Almenara realiza uma das maiores micaretas do Estado\"}]},{\"@type\":\"WebSite\",\"@id\":\"https:\\\/\\\/aconteceunovale.com.br\\\/portal\\\/#website\",\"url\":\"https:\\\/\\\/aconteceunovale.com.br\\\/portal\\\/\",\"name\":\"Aconteceu no Vale\",\"description\":\"Portal de Not\u00edcias\",\"potentialAction\":[{\"@type\":\"SearchAction\",\"target\":{\"@type\":\"EntryPoint\",\"urlTemplate\":\"https:\\\/\\\/aconteceunovale.com.br\\\/portal\\\/?s={search_term_string}\"},\"query-input\":{\"@type\":\"PropertyValueSpecification\",\"valueRequired\":true,\"valueName\":\"search_term_string\"}}],\"inLanguage\":\"pt-BR\"},{\"@type\":\"Person\",\"@id\":\"https:\\\/\\\/aconteceunovale.com.br\\\/portal\\\/#\\\/schema\\\/person\\\/633529146f2c94272bef50ac2953d589\",\"name\":\"Aconteceu no Vale\",\"description\":\"Equipe de reportagem do Aconteceu no Vale, portal de not\u00edcias do Vale do Jequitinhonha, em Minas Gerais. Cobrimos as 51 cidades do Vale desde 2013. Sugest\u00f5es de pauta e pedidos de corre\u00e7\u00e3o: contato@aconteceunovale.com.br\",\"sameAs\":[\"http:\\\/\\\/www.aconteceunovale.com.br\"],\"url\":\"https:\\\/\\\/aconteceunovale.com.br\\\/portal\\\/?author=1\"}]}<\/script>\n<!-- \/ Yoast SEO plugin. -->","yoast_head_json":{"title":"Almenara realiza uma das maiores micaretas do Estado - Aconteceu no Vale","robots":{"index":"index","follow":"follow","max-snippet":"max-snippet:-1","max-image-preview":"max-image-preview:large","max-video-preview":"max-video-preview:-1"},"canonical":"https:\/\/aconteceunovale.com.br\/portal\/?p=49714","og_locale":"pt_BR","og_type":"article","og_title":"Almenara realiza uma das maiores micaretas do Estado - Aconteceu no Vale","og_description":"Festa continua neste s\u00e1bado com show de Alline Rosa e Jarley. Micareta de Almenara \u00e9 um dos maiores circuitos de rua do Estado. Come\u00e7ou nessa sexta-feira e vai at\u00e9 amanh\u00e3, domingo (11), a Micareta de Almenara 2015. O tradicional evento do Baixo Jequitinhonha \u00e9 considerado um dos maiores circuitos de rua do Estado de Minas [&hellip;]","og_url":"https:\/\/aconteceunovale.com.br\/portal\/?p=49714","og_site_name":"Aconteceu no Vale","article_publisher":"https:\/\/www.facebook.com\/aconteceunovale\/","article_published_time":"2015-01-10T18:04:46+00:00","article_modified_time":"2026-09-02T15:05:22+00:00","og_image":[{"width":678,"height":391,"url":"https:\/\/aconteceunovale.com.br\/portal\/wp-content\/uploads\/2015\/01\/micareta_de_almenara_2015.jpg","type":"image\/jpeg"}],"author":"Aconteceu no Vale","twitter_card":"summary_large_image","twitter_creator":"@noticiadosvales","twitter_site":"@noticiadosvales","twitter_misc":{"Escrito por":"Aconteceu no Vale","Est. tempo de leitura":"1 minuto"},"schema":{"@context":"https:\/\/schema.org","@graph":[{"@type":"Article","@id":"https:\/\/aconteceunovale.com.br\/portal\/?p=49714#article","isPartOf":{"@id":"https:\/\/aconteceunovale.com.br\/portal\/?p=49714"},"author":{"name":"Aconteceu no Vale","@id":"https:\/\/aconteceunovale.com.br\/portal\/#\/schema\/person\/633529146f2c94272bef50ac2953d589"},"headline":"Almenara realiza uma das maiores micaretas do Estado","datePublished":"2015-01-10T18:04:46+00:00","dateModified":"2026-09-02T15:05:22+00:00","mainEntityOfPage":{"@id":"https:\/\/aconteceunovale.com.br\/portal\/?p=49714"},"wordCount":153,"commentCount":0,"image":{"@id":"https:\/\/aconteceunovale.com.br\/portal\/?p=49714#primaryimage"},"thumbnailUrl":"https:\/\/aconteceunovale.com.br\/portal\/wp-content\/uploads\/2015\/01\/micareta_de_almenara_2015.jpg","keywords":["Almenara","Almenara realiza uma das maiores micaretas do Estado","Micareta de Almenara","Micareta de Almenara 2015"],"articleSection":["Almenara","Vale do Jequitinhonha"],"inLanguage":"pt-BR","potentialAction":[{"@type":"CommentAction","name":"Comment","target":["https:\/\/aconteceunovale.com.br\/portal\/?p=49714#respond"]}]},{"@type":"WebPage","@id":"https:\/\/aconteceunovale.com.br\/portal\/?p=49714","url":"https:\/\/aconteceunovale.com.br\/portal\/?p=49714","name":"Almenara realiza uma das maiores micaretas do Estado - Aconteceu no Vale","isPartOf":{"@id":"https:\/\/aconteceunovale.com.br\/portal\/#website"},"primaryImageOfPage":{"@id":"https:\/\/aconteceunovale.com.br\/portal\/?p=49714#primaryimage"},"image":{"@id":"https:\/\/aconteceunovale.com.br\/portal\/?p=49714#primaryimage"},"thumbnailUrl":"https:\/\/aconteceunovale.com.br\/portal\/wp-content\/uploads\/2015\/01\/micareta_de_almenara_2015.jpg","datePublished":"2015-01-10T18:04:46+00:00","dateModified":"2026-09-02T15:05:22+00:00","author":{"@id":"https:\/\/aconteceunovale.com.br\/portal\/#\/schema\/person\/633529146f2c94272bef50ac2953d589"},"breadcrumb":{"@id":"https:\/\/aconteceunovale.com.br\/portal\/?p=49714#breadcrumb"},"inLanguage":"pt-BR","potentialAction":[{"@type":"ReadAction","target":["https:\/\/aconteceunovale.com.br\/portal\/?p=49714"]}]},{"@type":"ImageObject","inLanguage":"pt-BR","@id":"https:\/\/aconteceunovale.com.br\/portal\/?p=49714#primaryimage","url":"https:\/\/aconteceunovale.com.br\/portal\/wp-content\/uploads\/2015\/01\/micareta_de_almenara_2015.jpg","contentUrl":"https:\/\/aconteceunovale.com.br\/portal\/wp-content\/uploads\/2015\/01\/micareta_de_almenara_2015.jpg","width":678,"height":391},{"@type":"BreadcrumbList","@id":"https:\/\/aconteceunovale.com.br\/portal\/?p=49714#breadcrumb","itemListElement":[{"@type":"ListItem","position":1,"name":"In\u00edcio","item":"https:\/\/aconteceunovale.com.br\/portal\/"},{"@type":"ListItem","position":2,"name":"Almenara realiza uma das maiores micaretas do Estado"}]},{"@type":"WebSite","@id":"https:\/\/aconteceunovale.com.br\/portal\/#website","url":"https:\/\/aconteceunovale.com.br\/portal\/","name":"Aconteceu no Vale","description":"Portal de Not\u00edcias","potentialAction":[{"@type":"SearchAction","target":{"@type":"EntryPoint","urlTemplate":"https:\/\/aconteceunovale.com.br\/portal\/?s={search_term_string}"},"query-input":{"@type":"PropertyValueSpecification","valueRequired":true,"valueName":"search_term_string"}}],"inLanguage":"pt-BR"},{"@type":"Person","@id":"https:\/\/aconteceunovale.com.br\/portal\/#\/schema\/person\/633529146f2c94272bef50ac2953d589","name":"Aconteceu no Vale","description":"Equipe de reportagem do Aconteceu no Vale, portal de not\u00edcias do Vale do Jequitinhonha, em Minas Gerais. Cobrimos as 51 cidades do Vale desde 2013. Sugest\u00f5es de pauta e pedidos de corre\u00e7\u00e3o: contato@aconteceunovale.com.br","sameAs":["http:\/\/www.aconteceunovale.com.br"],"url":"https:\/\/aconteceunovale.com.br\/portal\/?author=1"}]}},"_links":{"self":[{"href":"https:\/\/aconteceunovale.com.br\/portal\/index.php?rest_route=\/wp\/v2\/posts\/49714","targetHints":{"allow":["GET"]}}],"collection":[{"href":"https:\/\/aconteceunovale.com.br\/portal\/index.php?rest_route=\/wp\/v2\/posts"}],"about":[{"href":"https:\/\/aconteceunovale.com.br\/portal\/index.php?rest_route=\/wp\/v2\/types\/post"}],"author":[{"embeddable":true,"href":"https:\/\/aconteceunovale.com.br\/portal\/index.php?rest_route=\/wp\/v2\/users\/1"}],"replies":[{"embeddable":true,"href":"https:\/\/aconteceunovale.com.br\/portal\/index.php?rest_route=%2Fwp%2Fv2%2Fcomments&post=49714"}],"version-history":[{"count":1,"href":"https:\/\/aconteceunovale.com.br\/portal\/index.php?rest_route=\/wp\/v2\/posts\/49714\/revisions"}],"predecessor-version":[{"id":199180,"href":"https:\/\/aconteceunovale.com.br\/portal\/index.php?rest_route=\/wp\/v2\/posts\/49714\/revisions\/199180"}],"wp:featuredmedia":[{"embeddable":true,"href":"https:\/\/aconteceunovale.com.br\/portal\/index.php?rest_route=\/wp\/v2\/media\/49716"}],"wp:attachment":[{"href":"https:\/\/aconteceunovale.com.br\/portal\/index.php?rest_route=%2Fwp%2Fv2%2Fmedia&parent=49714"}],"wp:term":[{"taxonomy":"category","embeddable":true,"href":"https:\/\/aconteceunovale.com.br\/portal\/index.php?rest_route=%2Fwp%2Fv2%2Fcategories&post=49714"},{"taxonomy":"post_tag","embeddable":true,"href":"https:\/\/aconteceunovale.com.br\/portal\/index.php?rest_route=%2Fwp%2Fv2%2Ftags&post=49714"}],"curies":[{"name":"wp","href":"https:\/\/api.w.org\/{rel}","templated":true}]}}