{"id":49708,"date":"2015-01-10T14:27:25","date_gmt":"2015-01-10T17:27:25","guid":{"rendered":"http:\/\/aconteceunovale.com.br\/portal\/?p=49708"},"modified":"2015-01-17T13:01:54","modified_gmt":"2015-01-17T16:01:54","slug":"boa-vista-realiza-a-tradicional-festa-de-sao-sebastiao-de-11-a-19-de-janeiro","status":"publish","type":"post","link":"https:\/\/aconteceunovale.com.br\/portal\/?p=49708","title":{"rendered":"Boa Vista realiza a tradicional festa de S\u00e3o Sebasti\u00e3o de 11 a 19 de janeiro"},"content":{"rendered":"<p>De 11 a 19 de janeiro acontece no distrito de Boa Vista, em Chapada do Norte, a tradicional Festa de S\u00e3o Sebasti\u00e3o. Confira abaixo a programa\u00e7\u00e3o:<\/p>\n<p>&#8211; De 11 a 19: Missas<\/p>\n<p>&#8211; Dia 16: Baile do Boa-vistense ausente com DJ Guache e Kassiano Silva.<\/p>\n<p>&#8211; Dia 17: 19h30 &#8211; Missa e logo ap\u00f3s leil\u00e3o \/ 23h00 &#8211; Show com Kavucos do Forr\u00f3 e Rick Swing\u00e3o<\/p>\n<p>&#8211; Dia 18: 10h00 &#8211; Sa\u00edda do 8\u00ba Trilh\u00e3o Circuito da Poeira \/ 15h00 &#8211; Leil\u00e3o de gado \/ 17h00 &#8211; Show com Nelson dos Teclados \/ 19h30 &#8211; Missa \/ 22h00 &#8211; Show com Dalmo J\u00fanior e Banda Na Pegada.<\/p>\n<p>&#8211; Dia 19: 19h30 &#8211; Missa, mastro com queima de fogos e leil\u00f5es \/ 23h00 &#8211; Show com Fuguet\u00e3o Baiano e Samuel dos Teclados.<\/p>\n<p><img decoding=\"async\" src=\"http:\/\/aconteceunovale.com.br\/portal\/wp-content\/uploads\/2015\/01\/festa_boa_vista.jpg\" alt=\"\" \/><\/p>\n","protected":false},"excerpt":{"rendered":"<p>De 11 a 19 de janeiro acontece no distrito de Boa Vista, em Chapada do Norte, a tradicional Festa de S\u00e3o Sebasti\u00e3o. Confira abaixo a programa\u00e7\u00e3o: &#8211; De 11 a 19: Missas &#8211; Dia 16: Baile do Boa-vistense ausente com DJ Guache e Kassiano Silva. &#8211; Dia 17: 19h30 &#8211; Missa e logo ap\u00f3s leil\u00e3o [&hellip;]<\/p>\n","protected":false},"author":1,"featured_media":49709,"comment_status":"open","ping_status":"closed","sticky":false,"template":"","format":"standard","meta":{"amp_status":"","footnotes":""},"categories":[120],"tags":[29464,481,29466,29465],"class_list":["post-49708","post","type-post","status-publish","format-standard","has-post-thumbnail","hentry","category-jequi","tag-boa-vista-realiza-a-tradicional-festa-de-sao-sebastiao-de-11-a-19-de-janeiro","tag-chapada-do-norte","tag-festa-de-sao-sebastiao","tag-festa-de-sao-sebastiao-de-boa-vista"],"yoast_head":"<!-- This site is optimized with the Yoast SEO plugin v28.3 - https:\/\/yoast.com\/product\/yoast-seo-wordpress\/ -->\n<title>Boa Vista realiza a tradicional festa de S\u00e3o Sebasti\u00e3o de 11 a 19 de janeiro - Aconteceu no Vale<\/title>\n<meta name=\"robots\" content=\"index, follow, max-snippet:-1, max-image-preview:large, max-video-preview:-1\" \/>\n<link rel=\"canonical\" href=\"https:\/\/aconteceunovale.com.br\/portal\/?p=49708\" \/>\n<meta property=\"og:locale\" content=\"pt_BR\" \/>\n<meta property=\"og:type\" content=\"article\" \/>\n<meta property=\"og:title\" content=\"Boa Vista realiza a tradicional festa de S\u00e3o Sebasti\u00e3o de 11 a 19 de janeiro - Aconteceu no Vale\" \/>\n<meta property=\"og:description\" content=\"De 11 a 19 de janeiro acontece no distrito de Boa Vista, em Chapada do Norte, a tradicional Festa de S\u00e3o Sebasti\u00e3o. Confira abaixo a programa\u00e7\u00e3o: &#8211; De 11 a 19: Missas &#8211; Dia 16: Baile do Boa-vistense ausente com DJ Guache e Kassiano Silva. &#8211; Dia 17: 19h30 &#8211; Missa e logo ap\u00f3s leil\u00e3o [&hellip;]\" \/>\n<meta property=\"og:url\" content=\"https:\/\/aconteceunovale.com.br\/portal\/?p=49708\" \/>\n<meta property=\"og:site_name\" content=\"Aconteceu no Vale\" \/>\n<meta property=\"article:publisher\" content=\"https:\/\/www.facebook.com\/aconteceunovale\/\" \/>\n<meta property=\"article:published_time\" content=\"2015-01-10T17:27:25+00:00\" \/>\n<meta property=\"article:modified_time\" content=\"2015-01-17T16:01:54+00:00\" \/>\n<meta property=\"og:image\" content=\"https:\/\/aconteceunovale.com.br\/portal\/wp-content\/uploads\/2015\/01\/festa_boa_vista.jpg\" \/>\n\t<meta property=\"og:image:width\" content=\"678\" \/>\n\t<meta property=\"og:image:height\" content=\"447\" \/>\n\t<meta property=\"og:image:type\" content=\"image\/jpeg\" \/>\n<meta name=\"author\" content=\"Aconteceu no Vale\" \/>\n<meta name=\"twitter:card\" content=\"summary_large_image\" \/>\n<meta name=\"twitter:creator\" content=\"@noticiadosvales\" \/>\n<meta name=\"twitter:site\" content=\"@noticiadosvales\" \/>\n<meta name=\"twitter:label1\" content=\"Escrito por\" \/>\n\t<meta name=\"twitter:data1\" content=\"Aconteceu no Vale\" \/>\n\t<meta name=\"twitter:label2\" content=\"Est. tempo de leitura\" \/>\n\t<meta name=\"twitter:data2\" content=\"1 minuto\" \/>\n<script type=\"application\/ld+json\" class=\"yoast-schema-graph\">{\"@context\":\"https:\\\/\\\/schema.org\",\"@graph\":[{\"@type\":\"Article\",\"@id\":\"https:\\\/\\\/aconteceunovale.com.br\\\/portal\\\/?p=49708#article\",\"isPartOf\":{\"@id\":\"https:\\\/\\\/aconteceunovale.com.br\\\/portal\\\/?p=49708\"},\"author\":{\"name\":\"Aconteceu no Vale\",\"@id\":\"https:\\\/\\\/aconteceunovale.com.br\\\/portal\\\/#\\\/schema\\\/person\\\/633529146f2c94272bef50ac2953d589\"},\"headline\":\"Boa Vista realiza a tradicional festa de S\u00e3o Sebasti\u00e3o de 11 a 19 de janeiro\",\"datePublished\":\"2015-01-10T17:27:25+00:00\",\"dateModified\":\"2015-01-17T16:01:54+00:00\",\"mainEntityOfPage\":{\"@id\":\"https:\\\/\\\/aconteceunovale.com.br\\\/portal\\\/?p=49708\"},\"wordCount\":143,\"commentCount\":2,\"image\":{\"@id\":\"https:\\\/\\\/aconteceunovale.com.br\\\/portal\\\/?p=49708#primaryimage\"},\"thumbnailUrl\":\"https:\\\/\\\/aconteceunovale.com.br\\\/portal\\\/wp-content\\\/uploads\\\/2015\\\/01\\\/festa_boa_vista.jpg\",\"keywords\":[\"Boa Vista realiza a tradicional festa de S\u00e3o Sebasti\u00e3o de 11 a 19 de janeiro\",\"Chapada do Norte\",\"festa de s\u00e3o sebasti\u00e3o\",\"festa de s\u00e3o sebasti\u00e3o de boa vista\"],\"articleSection\":[\"Vale do Jequitinhonha\"],\"inLanguage\":\"pt-BR\",\"potentialAction\":[{\"@type\":\"CommentAction\",\"name\":\"Comment\",\"target\":[\"https:\\\/\\\/aconteceunovale.com.br\\\/portal\\\/?p=49708#respond\"]}]},{\"@type\":\"WebPage\",\"@id\":\"https:\\\/\\\/aconteceunovale.com.br\\\/portal\\\/?p=49708\",\"url\":\"https:\\\/\\\/aconteceunovale.com.br\\\/portal\\\/?p=49708\",\"name\":\"Boa Vista realiza a tradicional festa de S\u00e3o Sebasti\u00e3o de 11 a 19 de janeiro - Aconteceu no Vale\",\"isPartOf\":{\"@id\":\"https:\\\/\\\/aconteceunovale.com.br\\\/portal\\\/#website\"},\"primaryImageOfPage\":{\"@id\":\"https:\\\/\\\/aconteceunovale.com.br\\\/portal\\\/?p=49708#primaryimage\"},\"image\":{\"@id\":\"https:\\\/\\\/aconteceunovale.com.br\\\/portal\\\/?p=49708#primaryimage\"},\"thumbnailUrl\":\"https:\\\/\\\/aconteceunovale.com.br\\\/portal\\\/wp-content\\\/uploads\\\/2015\\\/01\\\/festa_boa_vista.jpg\",\"datePublished\":\"2015-01-10T17:27:25+00:00\",\"dateModified\":\"2015-01-17T16:01:54+00:00\",\"author\":{\"@id\":\"https:\\\/\\\/aconteceunovale.com.br\\\/portal\\\/#\\\/schema\\\/person\\\/633529146f2c94272bef50ac2953d589\"},\"breadcrumb\":{\"@id\":\"https:\\\/\\\/aconteceunovale.com.br\\\/portal\\\/?p=49708#breadcrumb\"},\"inLanguage\":\"pt-BR\",\"potentialAction\":[{\"@type\":\"ReadAction\",\"target\":[\"https:\\\/\\\/aconteceunovale.com.br\\\/portal\\\/?p=49708\"]}]},{\"@type\":\"ImageObject\",\"inLanguage\":\"pt-BR\",\"@id\":\"https:\\\/\\\/aconteceunovale.com.br\\\/portal\\\/?p=49708#primaryimage\",\"url\":\"https:\\\/\\\/aconteceunovale.com.br\\\/portal\\\/wp-content\\\/uploads\\\/2015\\\/01\\\/festa_boa_vista.jpg\",\"contentUrl\":\"https:\\\/\\\/aconteceunovale.com.br\\\/portal\\\/wp-content\\\/uploads\\\/2015\\\/01\\\/festa_boa_vista.jpg\",\"width\":678,\"height\":447},{\"@type\":\"BreadcrumbList\",\"@id\":\"https:\\\/\\\/aconteceunovale.com.br\\\/portal\\\/?p=49708#breadcrumb\",\"itemListElement\":[{\"@type\":\"ListItem\",\"position\":1,\"name\":\"In\u00edcio\",\"item\":\"https:\\\/\\\/aconteceunovale.com.br\\\/portal\\\/\"},{\"@type\":\"ListItem\",\"position\":2,\"name\":\"Boa Vista realiza a tradicional festa de S\u00e3o Sebasti\u00e3o de 11 a 19 de janeiro\"}]},{\"@type\":\"WebSite\",\"@id\":\"https:\\\/\\\/aconteceunovale.com.br\\\/portal\\\/#website\",\"url\":\"https:\\\/\\\/aconteceunovale.com.br\\\/portal\\\/\",\"name\":\"Aconteceu no Vale\",\"description\":\"Portal de Not\u00edcias\",\"potentialAction\":[{\"@type\":\"SearchAction\",\"target\":{\"@type\":\"EntryPoint\",\"urlTemplate\":\"https:\\\/\\\/aconteceunovale.com.br\\\/portal\\\/?s={search_term_string}\"},\"query-input\":{\"@type\":\"PropertyValueSpecification\",\"valueRequired\":true,\"valueName\":\"search_term_string\"}}],\"inLanguage\":\"pt-BR\"},{\"@type\":\"Person\",\"@id\":\"https:\\\/\\\/aconteceunovale.com.br\\\/portal\\\/#\\\/schema\\\/person\\\/633529146f2c94272bef50ac2953d589\",\"name\":\"Aconteceu no Vale\",\"description\":\"Equipe de reportagem do Aconteceu no Vale, portal de not\u00edcias do Vale do Jequitinhonha, em Minas Gerais. Cobrimos as 51 cidades do Vale desde 2013. Sugest\u00f5es de pauta e pedidos de corre\u00e7\u00e3o: contato@aconteceunovale.com.br\",\"sameAs\":[\"http:\\\/\\\/www.aconteceunovale.com.br\"],\"url\":\"https:\\\/\\\/aconteceunovale.com.br\\\/portal\\\/?author=1\"}]}<\/script>\n<!-- \/ Yoast SEO plugin. -->","yoast_head_json":{"title":"Boa Vista realiza a tradicional festa de S\u00e3o Sebasti\u00e3o de 11 a 19 de janeiro - Aconteceu no Vale","robots":{"index":"index","follow":"follow","max-snippet":"max-snippet:-1","max-image-preview":"max-image-preview:large","max-video-preview":"max-video-preview:-1"},"canonical":"https:\/\/aconteceunovale.com.br\/portal\/?p=49708","og_locale":"pt_BR","og_type":"article","og_title":"Boa Vista realiza a tradicional festa de S\u00e3o Sebasti\u00e3o de 11 a 19 de janeiro - Aconteceu no Vale","og_description":"De 11 a 19 de janeiro acontece no distrito de Boa Vista, em Chapada do Norte, a tradicional Festa de S\u00e3o Sebasti\u00e3o. Confira abaixo a programa\u00e7\u00e3o: &#8211; De 11 a 19: Missas &#8211; Dia 16: Baile do Boa-vistense ausente com DJ Guache e Kassiano Silva. &#8211; Dia 17: 19h30 &#8211; Missa e logo ap\u00f3s leil\u00e3o [&hellip;]","og_url":"https:\/\/aconteceunovale.com.br\/portal\/?p=49708","og_site_name":"Aconteceu no Vale","article_publisher":"https:\/\/www.facebook.com\/aconteceunovale\/","article_published_time":"2015-01-10T17:27:25+00:00","article_modified_time":"2015-01-17T16:01:54+00:00","og_image":[{"width":678,"height":447,"url":"https:\/\/aconteceunovale.com.br\/portal\/wp-content\/uploads\/2015\/01\/festa_boa_vista.jpg","type":"image\/jpeg"}],"author":"Aconteceu no Vale","twitter_card":"summary_large_image","twitter_creator":"@noticiadosvales","twitter_site":"@noticiadosvales","twitter_misc":{"Escrito por":"Aconteceu no Vale","Est. tempo de leitura":"1 minuto"},"schema":{"@context":"https:\/\/schema.org","@graph":[{"@type":"Article","@id":"https:\/\/aconteceunovale.com.br\/portal\/?p=49708#article","isPartOf":{"@id":"https:\/\/aconteceunovale.com.br\/portal\/?p=49708"},"author":{"name":"Aconteceu no Vale","@id":"https:\/\/aconteceunovale.com.br\/portal\/#\/schema\/person\/633529146f2c94272bef50ac2953d589"},"headline":"Boa Vista realiza a tradicional festa de S\u00e3o Sebasti\u00e3o de 11 a 19 de janeiro","datePublished":"2015-01-10T17:27:25+00:00","dateModified":"2015-01-17T16:01:54+00:00","mainEntityOfPage":{"@id":"https:\/\/aconteceunovale.com.br\/portal\/?p=49708"},"wordCount":143,"commentCount":2,"image":{"@id":"https:\/\/aconteceunovale.com.br\/portal\/?p=49708#primaryimage"},"thumbnailUrl":"https:\/\/aconteceunovale.com.br\/portal\/wp-content\/uploads\/2015\/01\/festa_boa_vista.jpg","keywords":["Boa Vista realiza a tradicional festa de S\u00e3o Sebasti\u00e3o de 11 a 19 de janeiro","Chapada do Norte","festa de s\u00e3o sebasti\u00e3o","festa de s\u00e3o sebasti\u00e3o de boa vista"],"articleSection":["Vale do Jequitinhonha"],"inLanguage":"pt-BR","potentialAction":[{"@type":"CommentAction","name":"Comment","target":["https:\/\/aconteceunovale.com.br\/portal\/?p=49708#respond"]}]},{"@type":"WebPage","@id":"https:\/\/aconteceunovale.com.br\/portal\/?p=49708","url":"https:\/\/aconteceunovale.com.br\/portal\/?p=49708","name":"Boa Vista realiza a tradicional festa de S\u00e3o Sebasti\u00e3o de 11 a 19 de janeiro - Aconteceu no Vale","isPartOf":{"@id":"https:\/\/aconteceunovale.com.br\/portal\/#website"},"primaryImageOfPage":{"@id":"https:\/\/aconteceunovale.com.br\/portal\/?p=49708#primaryimage"},"image":{"@id":"https:\/\/aconteceunovale.com.br\/portal\/?p=49708#primaryimage"},"thumbnailUrl":"https:\/\/aconteceunovale.com.br\/portal\/wp-content\/uploads\/2015\/01\/festa_boa_vista.jpg","datePublished":"2015-01-10T17:27:25+00:00","dateModified":"2015-01-17T16:01:54+00:00","author":{"@id":"https:\/\/aconteceunovale.com.br\/portal\/#\/schema\/person\/633529146f2c94272bef50ac2953d589"},"breadcrumb":{"@id":"https:\/\/aconteceunovale.com.br\/portal\/?p=49708#breadcrumb"},"inLanguage":"pt-BR","potentialAction":[{"@type":"ReadAction","target":["https:\/\/aconteceunovale.com.br\/portal\/?p=49708"]}]},{"@type":"ImageObject","inLanguage":"pt-BR","@id":"https:\/\/aconteceunovale.com.br\/portal\/?p=49708#primaryimage","url":"https:\/\/aconteceunovale.com.br\/portal\/wp-content\/uploads\/2015\/01\/festa_boa_vista.jpg","contentUrl":"https:\/\/aconteceunovale.com.br\/portal\/wp-content\/uploads\/2015\/01\/festa_boa_vista.jpg","width":678,"height":447},{"@type":"BreadcrumbList","@id":"https:\/\/aconteceunovale.com.br\/portal\/?p=49708#breadcrumb","itemListElement":[{"@type":"ListItem","position":1,"name":"In\u00edcio","item":"https:\/\/aconteceunovale.com.br\/portal\/"},{"@type":"ListItem","position":2,"name":"Boa Vista realiza a tradicional festa de S\u00e3o Sebasti\u00e3o de 11 a 19 de janeiro"}]},{"@type":"WebSite","@id":"https:\/\/aconteceunovale.com.br\/portal\/#website","url":"https:\/\/aconteceunovale.com.br\/portal\/","name":"Aconteceu no Vale","description":"Portal de Not\u00edcias","potentialAction":[{"@type":"SearchAction","target":{"@type":"EntryPoint","urlTemplate":"https:\/\/aconteceunovale.com.br\/portal\/?s={search_term_string}"},"query-input":{"@type":"PropertyValueSpecification","valueRequired":true,"valueName":"search_term_string"}}],"inLanguage":"pt-BR"},{"@type":"Person","@id":"https:\/\/aconteceunovale.com.br\/portal\/#\/schema\/person\/633529146f2c94272bef50ac2953d589","name":"Aconteceu no Vale","description":"Equipe de reportagem do Aconteceu no Vale, portal de not\u00edcias do Vale do Jequitinhonha, em Minas Gerais. Cobrimos as 51 cidades do Vale desde 2013. Sugest\u00f5es de pauta e pedidos de corre\u00e7\u00e3o: contato@aconteceunovale.com.br","sameAs":["http:\/\/www.aconteceunovale.com.br"],"url":"https:\/\/aconteceunovale.com.br\/portal\/?author=1"}]}},"_links":{"self":[{"href":"https:\/\/aconteceunovale.com.br\/portal\/index.php?rest_route=\/wp\/v2\/posts\/49708","targetHints":{"allow":["GET"]}}],"collection":[{"href":"https:\/\/aconteceunovale.com.br\/portal\/index.php?rest_route=\/wp\/v2\/posts"}],"about":[{"href":"https:\/\/aconteceunovale.com.br\/portal\/index.php?rest_route=\/wp\/v2\/types\/post"}],"author":[{"embeddable":true,"href":"https:\/\/aconteceunovale.com.br\/portal\/index.php?rest_route=\/wp\/v2\/users\/1"}],"replies":[{"embeddable":true,"href":"https:\/\/aconteceunovale.com.br\/portal\/index.php?rest_route=%2Fwp%2Fv2%2Fcomments&post=49708"}],"version-history":[{"count":0,"href":"https:\/\/aconteceunovale.com.br\/portal\/index.php?rest_route=\/wp\/v2\/posts\/49708\/revisions"}],"wp:featuredmedia":[{"embeddable":true,"href":"https:\/\/aconteceunovale.com.br\/portal\/index.php?rest_route=\/wp\/v2\/media\/49709"}],"wp:attachment":[{"href":"https:\/\/aconteceunovale.com.br\/portal\/index.php?rest_route=%2Fwp%2Fv2%2Fmedia&parent=49708"}],"wp:term":[{"taxonomy":"category","embeddable":true,"href":"https:\/\/aconteceunovale.com.br\/portal\/index.php?rest_route=%2Fwp%2Fv2%2Fcategories&post=49708"},{"taxonomy":"post_tag","embeddable":true,"href":"https:\/\/aconteceunovale.com.br\/portal\/index.php?rest_route=%2Fwp%2Fv2%2Ftags&post=49708"}],"curies":[{"name":"wp","href":"https:\/\/api.w.org\/{rel}","templated":true}]}}