{"id":49705,"date":"2015-01-10T14:13:22","date_gmt":"2015-01-10T17:13:22","guid":{"rendered":"http:\/\/aconteceunovale.com.br\/portal\/?p=49705"},"modified":"2015-01-10T14:13:22","modified_gmt":"2015-01-10T17:13:22","slug":"corpo-de-adolescente-que-se-afogou-no-rio-doce-e-encontrado-em-governador-valadares","status":"publish","type":"post","link":"https:\/\/aconteceunovale.com.br\/portal\/?p=49705","title":{"rendered":"Corpo de adolescente que se afogou no Rio Doce \u00e9 encontrado em Governador Valadares"},"content":{"rendered":"<h4><strong><em>Adolescente se afogou na Ilha dos Ara\u00fajos na \u00faltima quinta-feira (8). Corpo foi retirado da \u00e1gua e encaminhado para o IML.<\/em><\/strong><\/h4>\n<p>O corpo de Marco Ant\u00f4nio Gon\u00e7alves Figueira, de 14 anos, foi localizado na manh\u00e3 deste s\u00e1bado, 10 de janeiro, pr\u00f3ximo a A\u00e7ucareira, no bairro S\u00e3o Pedro, em Governador Valadares. A v\u00edtima estava desaparecida desde a quinta-feira (8), quando se afogou pr\u00f3ximo a Avenida Rio Doce, na Ilha dos Ara\u00fajos, em uma rampa utilizada para descida de caiaques e jet-skis. <\/p>\n<p>De acordo com o Corpo de Bombeiros, Marco Ant\u00f4nio estava na companhia de seis amigos. Eles sa\u00edram da \u00e1gua, mas o adolescente resolveu retornar sozinho. Como n\u00e3o sabia nadar, acabou afundando e n\u00e3o foi mais visto.<\/p>\n<p>Ainda segundo os bombeiros, na manh\u00e3 de hoje, populares visualizaram o corpo e acionaram a corpora\u00e7\u00e3o. A v\u00edtima foi retirada da \u00e1gua e ap\u00f3s os procedimentos de periciais, foi encaminhada para o Instituto M\u00e9dico Legal (IML) em Valadares.<\/p>\n<p><img decoding=\"async\" src=\"http:\/\/aconteceunovale.com.br\/portal\/wp-content\/uploads\/2015\/01\/corpo_encontrado_gv_10_1.jpg\" alt=\"\" \/><em>V\u00edtima foi resgatada pelo Corpo de Bombeiros neste s\u00e1bado (8) (Foto: Tiago Lopes\/Inter TV)<\/em><\/p>\n","protected":false},"excerpt":{"rendered":"<p>Adolescente se afogou na Ilha dos Ara\u00fajos na \u00faltima quinta-feira (8). Corpo foi retirado da \u00e1gua e encaminhado para o IML. O corpo de Marco Ant\u00f4nio Gon\u00e7alves Figueira, de 14 anos, foi localizado na manh\u00e3 deste s\u00e1bado, 10 de janeiro, pr\u00f3ximo a A\u00e7ucareira, no bairro S\u00e3o Pedro, em Governador Valadares. A v\u00edtima estava desaparecida desde [&hellip;]<\/p>\n","protected":false},"author":1,"featured_media":49706,"comment_status":"open","ping_status":"closed","sticky":false,"template":"","format":"standard","meta":{"amp_status":"","footnotes":""},"categories":[121],"tags":[29462,247,29463],"class_list":["post-49705","post","type-post","status-publish","format-standard","has-post-thumbnail","hentry","category-leste","tag-corpo-de-adolescente-que-se-afogou-no-rio-doce-e-encontrado-em-governador-valadares","tag-governador-valadares","tag-marco-antonio-goncalves-figueira"],"yoast_head":"<!-- This site is optimized with the Yoast SEO plugin v28.3 - https:\/\/yoast.com\/product\/yoast-seo-wordpress\/ -->\n<title>Corpo de adolescente que se afogou no Rio Doce \u00e9 encontrado em Governador Valadares - Aconteceu no Vale<\/title>\n<meta name=\"robots\" content=\"index, follow, max-snippet:-1, max-image-preview:large, max-video-preview:-1\" \/>\n<link rel=\"canonical\" href=\"https:\/\/aconteceunovale.com.br\/portal\/?p=49705\" \/>\n<meta property=\"og:locale\" content=\"pt_BR\" \/>\n<meta property=\"og:type\" content=\"article\" \/>\n<meta property=\"og:title\" content=\"Corpo de adolescente que se afogou no Rio Doce \u00e9 encontrado em Governador Valadares - Aconteceu no Vale\" \/>\n<meta property=\"og:description\" content=\"Adolescente se afogou na Ilha dos Ara\u00fajos na \u00faltima quinta-feira (8). Corpo foi retirado da \u00e1gua e encaminhado para o IML. O corpo de Marco Ant\u00f4nio Gon\u00e7alves Figueira, de 14 anos, foi localizado na manh\u00e3 deste s\u00e1bado, 10 de janeiro, pr\u00f3ximo a A\u00e7ucareira, no bairro S\u00e3o Pedro, em Governador Valadares. A v\u00edtima estava desaparecida desde [&hellip;]\" \/>\n<meta property=\"og:url\" content=\"https:\/\/aconteceunovale.com.br\/portal\/?p=49705\" \/>\n<meta property=\"og:site_name\" content=\"Aconteceu no Vale\" \/>\n<meta property=\"article:publisher\" content=\"https:\/\/www.facebook.com\/aconteceunovale\/\" \/>\n<meta property=\"article:published_time\" content=\"2015-01-10T17:13:22+00:00\" \/>\n<meta property=\"og:image\" content=\"https:\/\/aconteceunovale.com.br\/portal\/wp-content\/uploads\/2015\/01\/corpo_encontrado_gv_10_1.jpg\" \/>\n\t<meta property=\"og:image:width\" content=\"600\" \/>\n\t<meta property=\"og:image:height\" content=\"450\" \/>\n\t<meta property=\"og:image:type\" content=\"image\/jpeg\" \/>\n<meta name=\"author\" content=\"Aconteceu no Vale\" \/>\n<meta name=\"twitter:card\" content=\"summary_large_image\" \/>\n<meta name=\"twitter:creator\" content=\"@noticiadosvales\" \/>\n<meta name=\"twitter:site\" content=\"@noticiadosvales\" \/>\n<meta name=\"twitter:label1\" content=\"Escrito por\" \/>\n\t<meta name=\"twitter:data1\" content=\"Aconteceu no Vale\" \/>\n\t<meta name=\"twitter:label2\" content=\"Est. tempo de leitura\" \/>\n\t<meta name=\"twitter:data2\" content=\"1 minuto\" \/>\n<script type=\"application\/ld+json\" class=\"yoast-schema-graph\">{\"@context\":\"https:\\\/\\\/schema.org\",\"@graph\":[{\"@type\":\"Article\",\"@id\":\"https:\\\/\\\/aconteceunovale.com.br\\\/portal\\\/?p=49705#article\",\"isPartOf\":{\"@id\":\"https:\\\/\\\/aconteceunovale.com.br\\\/portal\\\/?p=49705\"},\"author\":{\"name\":\"Aconteceu no Vale\",\"@id\":\"https:\\\/\\\/aconteceunovale.com.br\\\/portal\\\/#\\\/schema\\\/person\\\/633529146f2c94272bef50ac2953d589\"},\"headline\":\"Corpo de adolescente que se afogou no Rio Doce \u00e9 encontrado em Governador Valadares\",\"datePublished\":\"2015-01-10T17:13:22+00:00\",\"mainEntityOfPage\":{\"@id\":\"https:\\\/\\\/aconteceunovale.com.br\\\/portal\\\/?p=49705\"},\"wordCount\":197,\"commentCount\":0,\"image\":{\"@id\":\"https:\\\/\\\/aconteceunovale.com.br\\\/portal\\\/?p=49705#primaryimage\"},\"thumbnailUrl\":\"https:\\\/\\\/aconteceunovale.com.br\\\/portal\\\/wp-content\\\/uploads\\\/2015\\\/01\\\/corpo_encontrado_gv_10_1.jpg\",\"keywords\":[\"Corpo de adolescente que se afogou no Rio Doce \u00e9 encontrado em Governador Valadares\",\"Governador Valadares\",\"Marco Ant\u00f4nio Gon\u00e7alves Figueira\"],\"articleSection\":[\"Leste de Minas\"],\"inLanguage\":\"pt-BR\",\"potentialAction\":[{\"@type\":\"CommentAction\",\"name\":\"Comment\",\"target\":[\"https:\\\/\\\/aconteceunovale.com.br\\\/portal\\\/?p=49705#respond\"]}]},{\"@type\":\"WebPage\",\"@id\":\"https:\\\/\\\/aconteceunovale.com.br\\\/portal\\\/?p=49705\",\"url\":\"https:\\\/\\\/aconteceunovale.com.br\\\/portal\\\/?p=49705\",\"name\":\"Corpo de adolescente que se afogou no Rio Doce \u00e9 encontrado em Governador Valadares - Aconteceu no Vale\",\"isPartOf\":{\"@id\":\"https:\\\/\\\/aconteceunovale.com.br\\\/portal\\\/#website\"},\"primaryImageOfPage\":{\"@id\":\"https:\\\/\\\/aconteceunovale.com.br\\\/portal\\\/?p=49705#primaryimage\"},\"image\":{\"@id\":\"https:\\\/\\\/aconteceunovale.com.br\\\/portal\\\/?p=49705#primaryimage\"},\"thumbnailUrl\":\"https:\\\/\\\/aconteceunovale.com.br\\\/portal\\\/wp-content\\\/uploads\\\/2015\\\/01\\\/corpo_encontrado_gv_10_1.jpg\",\"datePublished\":\"2015-01-10T17:13:22+00:00\",\"author\":{\"@id\":\"https:\\\/\\\/aconteceunovale.com.br\\\/portal\\\/#\\\/schema\\\/person\\\/633529146f2c94272bef50ac2953d589\"},\"breadcrumb\":{\"@id\":\"https:\\\/\\\/aconteceunovale.com.br\\\/portal\\\/?p=49705#breadcrumb\"},\"inLanguage\":\"pt-BR\",\"potentialAction\":[{\"@type\":\"ReadAction\",\"target\":[\"https:\\\/\\\/aconteceunovale.com.br\\\/portal\\\/?p=49705\"]}]},{\"@type\":\"ImageObject\",\"inLanguage\":\"pt-BR\",\"@id\":\"https:\\\/\\\/aconteceunovale.com.br\\\/portal\\\/?p=49705#primaryimage\",\"url\":\"https:\\\/\\\/aconteceunovale.com.br\\\/portal\\\/wp-content\\\/uploads\\\/2015\\\/01\\\/corpo_encontrado_gv_10_1.jpg\",\"contentUrl\":\"https:\\\/\\\/aconteceunovale.com.br\\\/portal\\\/wp-content\\\/uploads\\\/2015\\\/01\\\/corpo_encontrado_gv_10_1.jpg\",\"width\":600,\"height\":450},{\"@type\":\"BreadcrumbList\",\"@id\":\"https:\\\/\\\/aconteceunovale.com.br\\\/portal\\\/?p=49705#breadcrumb\",\"itemListElement\":[{\"@type\":\"ListItem\",\"position\":1,\"name\":\"In\u00edcio\",\"item\":\"https:\\\/\\\/aconteceunovale.com.br\\\/portal\\\/\"},{\"@type\":\"ListItem\",\"position\":2,\"name\":\"Corpo de adolescente que se afogou no Rio Doce \u00e9 encontrado em Governador Valadares\"}]},{\"@type\":\"WebSite\",\"@id\":\"https:\\\/\\\/aconteceunovale.com.br\\\/portal\\\/#website\",\"url\":\"https:\\\/\\\/aconteceunovale.com.br\\\/portal\\\/\",\"name\":\"Aconteceu no Vale\",\"description\":\"Portal de Not\u00edcias\",\"potentialAction\":[{\"@type\":\"SearchAction\",\"target\":{\"@type\":\"EntryPoint\",\"urlTemplate\":\"https:\\\/\\\/aconteceunovale.com.br\\\/portal\\\/?s={search_term_string}\"},\"query-input\":{\"@type\":\"PropertyValueSpecification\",\"valueRequired\":true,\"valueName\":\"search_term_string\"}}],\"inLanguage\":\"pt-BR\"},{\"@type\":\"Person\",\"@id\":\"https:\\\/\\\/aconteceunovale.com.br\\\/portal\\\/#\\\/schema\\\/person\\\/633529146f2c94272bef50ac2953d589\",\"name\":\"Aconteceu no Vale\",\"description\":\"Equipe de reportagem do Aconteceu no Vale, portal de not\u00edcias do Vale do Jequitinhonha, em Minas Gerais. Cobrimos as 51 cidades do Vale desde 2013. Sugest\u00f5es de pauta e pedidos de corre\u00e7\u00e3o: contato@aconteceunovale.com.br\",\"sameAs\":[\"http:\\\/\\\/www.aconteceunovale.com.br\"],\"url\":\"https:\\\/\\\/aconteceunovale.com.br\\\/portal\\\/?author=1\"}]}<\/script>\n<!-- \/ Yoast SEO plugin. -->","yoast_head_json":{"title":"Corpo de adolescente que se afogou no Rio Doce \u00e9 encontrado em Governador Valadares - Aconteceu no Vale","robots":{"index":"index","follow":"follow","max-snippet":"max-snippet:-1","max-image-preview":"max-image-preview:large","max-video-preview":"max-video-preview:-1"},"canonical":"https:\/\/aconteceunovale.com.br\/portal\/?p=49705","og_locale":"pt_BR","og_type":"article","og_title":"Corpo de adolescente que se afogou no Rio Doce \u00e9 encontrado em Governador Valadares - Aconteceu no Vale","og_description":"Adolescente se afogou na Ilha dos Ara\u00fajos na \u00faltima quinta-feira (8). Corpo foi retirado da \u00e1gua e encaminhado para o IML. O corpo de Marco Ant\u00f4nio Gon\u00e7alves Figueira, de 14 anos, foi localizado na manh\u00e3 deste s\u00e1bado, 10 de janeiro, pr\u00f3ximo a A\u00e7ucareira, no bairro S\u00e3o Pedro, em Governador Valadares. A v\u00edtima estava desaparecida desde [&hellip;]","og_url":"https:\/\/aconteceunovale.com.br\/portal\/?p=49705","og_site_name":"Aconteceu no Vale","article_publisher":"https:\/\/www.facebook.com\/aconteceunovale\/","article_published_time":"2015-01-10T17:13:22+00:00","og_image":[{"width":600,"height":450,"url":"https:\/\/aconteceunovale.com.br\/portal\/wp-content\/uploads\/2015\/01\/corpo_encontrado_gv_10_1.jpg","type":"image\/jpeg"}],"author":"Aconteceu no Vale","twitter_card":"summary_large_image","twitter_creator":"@noticiadosvales","twitter_site":"@noticiadosvales","twitter_misc":{"Escrito por":"Aconteceu no Vale","Est. tempo de leitura":"1 minuto"},"schema":{"@context":"https:\/\/schema.org","@graph":[{"@type":"Article","@id":"https:\/\/aconteceunovale.com.br\/portal\/?p=49705#article","isPartOf":{"@id":"https:\/\/aconteceunovale.com.br\/portal\/?p=49705"},"author":{"name":"Aconteceu no Vale","@id":"https:\/\/aconteceunovale.com.br\/portal\/#\/schema\/person\/633529146f2c94272bef50ac2953d589"},"headline":"Corpo de adolescente que se afogou no Rio Doce \u00e9 encontrado em Governador Valadares","datePublished":"2015-01-10T17:13:22+00:00","mainEntityOfPage":{"@id":"https:\/\/aconteceunovale.com.br\/portal\/?p=49705"},"wordCount":197,"commentCount":0,"image":{"@id":"https:\/\/aconteceunovale.com.br\/portal\/?p=49705#primaryimage"},"thumbnailUrl":"https:\/\/aconteceunovale.com.br\/portal\/wp-content\/uploads\/2015\/01\/corpo_encontrado_gv_10_1.jpg","keywords":["Corpo de adolescente que se afogou no Rio Doce \u00e9 encontrado em Governador Valadares","Governador Valadares","Marco Ant\u00f4nio Gon\u00e7alves Figueira"],"articleSection":["Leste de Minas"],"inLanguage":"pt-BR","potentialAction":[{"@type":"CommentAction","name":"Comment","target":["https:\/\/aconteceunovale.com.br\/portal\/?p=49705#respond"]}]},{"@type":"WebPage","@id":"https:\/\/aconteceunovale.com.br\/portal\/?p=49705","url":"https:\/\/aconteceunovale.com.br\/portal\/?p=49705","name":"Corpo de adolescente que se afogou no Rio Doce \u00e9 encontrado em Governador Valadares - Aconteceu no Vale","isPartOf":{"@id":"https:\/\/aconteceunovale.com.br\/portal\/#website"},"primaryImageOfPage":{"@id":"https:\/\/aconteceunovale.com.br\/portal\/?p=49705#primaryimage"},"image":{"@id":"https:\/\/aconteceunovale.com.br\/portal\/?p=49705#primaryimage"},"thumbnailUrl":"https:\/\/aconteceunovale.com.br\/portal\/wp-content\/uploads\/2015\/01\/corpo_encontrado_gv_10_1.jpg","datePublished":"2015-01-10T17:13:22+00:00","author":{"@id":"https:\/\/aconteceunovale.com.br\/portal\/#\/schema\/person\/633529146f2c94272bef50ac2953d589"},"breadcrumb":{"@id":"https:\/\/aconteceunovale.com.br\/portal\/?p=49705#breadcrumb"},"inLanguage":"pt-BR","potentialAction":[{"@type":"ReadAction","target":["https:\/\/aconteceunovale.com.br\/portal\/?p=49705"]}]},{"@type":"ImageObject","inLanguage":"pt-BR","@id":"https:\/\/aconteceunovale.com.br\/portal\/?p=49705#primaryimage","url":"https:\/\/aconteceunovale.com.br\/portal\/wp-content\/uploads\/2015\/01\/corpo_encontrado_gv_10_1.jpg","contentUrl":"https:\/\/aconteceunovale.com.br\/portal\/wp-content\/uploads\/2015\/01\/corpo_encontrado_gv_10_1.jpg","width":600,"height":450},{"@type":"BreadcrumbList","@id":"https:\/\/aconteceunovale.com.br\/portal\/?p=49705#breadcrumb","itemListElement":[{"@type":"ListItem","position":1,"name":"In\u00edcio","item":"https:\/\/aconteceunovale.com.br\/portal\/"},{"@type":"ListItem","position":2,"name":"Corpo de adolescente que se afogou no Rio Doce \u00e9 encontrado em Governador Valadares"}]},{"@type":"WebSite","@id":"https:\/\/aconteceunovale.com.br\/portal\/#website","url":"https:\/\/aconteceunovale.com.br\/portal\/","name":"Aconteceu no Vale","description":"Portal de Not\u00edcias","potentialAction":[{"@type":"SearchAction","target":{"@type":"EntryPoint","urlTemplate":"https:\/\/aconteceunovale.com.br\/portal\/?s={search_term_string}"},"query-input":{"@type":"PropertyValueSpecification","valueRequired":true,"valueName":"search_term_string"}}],"inLanguage":"pt-BR"},{"@type":"Person","@id":"https:\/\/aconteceunovale.com.br\/portal\/#\/schema\/person\/633529146f2c94272bef50ac2953d589","name":"Aconteceu no Vale","description":"Equipe de reportagem do Aconteceu no Vale, portal de not\u00edcias do Vale do Jequitinhonha, em Minas Gerais. Cobrimos as 51 cidades do Vale desde 2013. Sugest\u00f5es de pauta e pedidos de corre\u00e7\u00e3o: contato@aconteceunovale.com.br","sameAs":["http:\/\/www.aconteceunovale.com.br"],"url":"https:\/\/aconteceunovale.com.br\/portal\/?author=1"}]}},"_links":{"self":[{"href":"https:\/\/aconteceunovale.com.br\/portal\/index.php?rest_route=\/wp\/v2\/posts\/49705","targetHints":{"allow":["GET"]}}],"collection":[{"href":"https:\/\/aconteceunovale.com.br\/portal\/index.php?rest_route=\/wp\/v2\/posts"}],"about":[{"href":"https:\/\/aconteceunovale.com.br\/portal\/index.php?rest_route=\/wp\/v2\/types\/post"}],"author":[{"embeddable":true,"href":"https:\/\/aconteceunovale.com.br\/portal\/index.php?rest_route=\/wp\/v2\/users\/1"}],"replies":[{"embeddable":true,"href":"https:\/\/aconteceunovale.com.br\/portal\/index.php?rest_route=%2Fwp%2Fv2%2Fcomments&post=49705"}],"version-history":[{"count":0,"href":"https:\/\/aconteceunovale.com.br\/portal\/index.php?rest_route=\/wp\/v2\/posts\/49705\/revisions"}],"wp:featuredmedia":[{"embeddable":true,"href":"https:\/\/aconteceunovale.com.br\/portal\/index.php?rest_route=\/wp\/v2\/media\/49706"}],"wp:attachment":[{"href":"https:\/\/aconteceunovale.com.br\/portal\/index.php?rest_route=%2Fwp%2Fv2%2Fmedia&parent=49705"}],"wp:term":[{"taxonomy":"category","embeddable":true,"href":"https:\/\/aconteceunovale.com.br\/portal\/index.php?rest_route=%2Fwp%2Fv2%2Fcategories&post=49705"},{"taxonomy":"post_tag","embeddable":true,"href":"https:\/\/aconteceunovale.com.br\/portal\/index.php?rest_route=%2Fwp%2Fv2%2Ftags&post=49705"}],"curies":[{"name":"wp","href":"https:\/\/api.w.org\/{rel}","templated":true}]}}