{"id":49602,"date":"2015-01-09T13:01:49","date_gmt":"2015-01-09T16:01:49","guid":{"rendered":"http:\/\/aconteceunovale.com.br\/portal\/?p=49602"},"modified":"2015-01-09T13:01:49","modified_gmt":"2015-01-09T16:01:49","slug":"justica-militar-liberta-policiais-que-mataram-assaltante-em-aracuai","status":"publish","type":"post","link":"https:\/\/aconteceunovale.com.br\/portal\/?p=49602","title":{"rendered":"Justi\u00e7a Militar liberta policiais que mataram assaltante em Ara\u00e7ua\u00ed"},"content":{"rendered":"<h4><strong><em>O assaltante foi morto durante troca de tiros com os policiais na regi\u00e3o de Itira, distrito de Ara\u00e7ua\u00ed. No tiroteio um comparsa dele foi baleado na perna e n\u00e3o corre risco de morte.<\/em><\/strong><\/h4>\n<p>Quatro policiais lotados em Ara\u00e7ua\u00ed, no Vale do Jequitinhonha, tiveram a liberdade concedida pela Justi\u00e7a Militar de Minas Gerais, e foram soltos  na noite desta quinta-feira (8). <\/p>\n<p>Os militares participaram da opera\u00e7\u00e3o que resultou na morte do assaltante Adaildo Dias de Aguiar, de 30 anos, que morava em Coronel Murta (MG). O comparsa dele, tamb\u00e9m de Coronel Murta, Isaac Borges da Cunha, de 18 anos, foi baleado na perna. Os dois bandidos foram socorridos pelos policiais mas, Adaildo n\u00e3o resistiu e faleceu antes de dar entrada no hospital de Ara\u00e7ua\u00ed.<\/p>\n<p><img decoding=\"async\" src=\"http:\/\/aconteceunovale.com.br\/portal\/wp-content\/uploads\/2015\/01\/quartel_pm_ara.jpg\" alt=\"\" \/><em>Os quatro policiais estavam presos no Quartel da Pol\u00edcia Militar em Ara\u00e7ua\u00ed &#8211; Foto: Gazeta de Ara\u00e7ua\u00ed<\/em><br \/>\n<\/br><\/p>\n<p>A opera\u00e7\u00e3o foi realizada na tarde de quarta-feira (7) quando a Pol\u00edcia recebeu a informa\u00e7\u00e3o, dando conta que os dois bandidos estariam na regi\u00e3o da Itira, distrito de Ara\u00e7ua\u00ed, espalhando terror entre os moradores de uma fazenda, ap\u00f3s roubarem uma moto de uma pedreira de extra\u00e7\u00e3o de granito, na Comunidade do Jenipapo, no munic\u00edpio de Itinga.<\/p>\n<p>Chegando ao local, os quatro militares &#8211; um tenente, dois sargentos e um cabo &#8211; realizaram o cerco aos assaltantes mas foram recebidos \u00e0 bala. Houve tiroteio e  Adaildo Dias foi atingido  por um tiro, na regi\u00e3o do dorso, e morreu a caminho do hospital. O comparsa dele, foi atingido na perna e n\u00e3o corre risco de morte.<\/p>\n<p>Chegando \u00e0 Ara\u00e7ua\u00ed, os militares receberam voz de pris\u00e3o. As armas que eles portavam foram recolhidas e eles responder\u00e3o a processo por homic\u00eddio, cuja pena varia de 12 a 30 anos de reclus\u00e3o, e les\u00e3o corporal ( pena de 1 a 2 anos).<\/p>\n<p>\u201cNo decorrer do processo, os envolvidos podem ser inocentados, j\u00e1 que estavam no exerc\u00edcio regular do dever legal. Foi em leg\u00edtima defesa e estado de necessidade&#8221;, explicou o Sargento Orias Chaves, que participou da opera\u00e7\u00e3o.<\/p>\n<p>Ele disse n\u00e3o saber de quem partiu o tiro que matou Adaildo. \u201cTodos os quatro policiais estavam atirando para se defender,  mas n\u00e3o houve excessos j\u00e1 que os assaltantes foram atingidos apenas por um tiro, cada um\u201d, afirmou o sargento.<\/p>\n<p>O assaltante Adaildo Dias Aguiar, possui extensa ficha criminal e j\u00e1 cumpriu pena por furtos, roubos e envolvimento com o tr\u00e1fico de drogas. O comparsa dele, Isaac Borges tamb\u00e9m possui passagens pela pol\u00edcia por furtos.<\/p>\n<p>Adaildo \u00e9 suspeito de participar de um assalto \u00e0 ag\u00eancia dos Correios de Coronel Murta no m\u00eas passado. No dia, foi usada uma moto roubada no distrito de Freire Cardoso, naquele munic\u00edpio, e que foi apreendida na opera\u00e7\u00e3o que resultou na morte dele.<\/p>\n<p>Ao final da opera\u00e7\u00e3o, a pol\u00edcia apreendeu um rev\u00f3lver calibre 32  e uma pistola 765, al\u00e9m de muni\u00e7\u00f5es, 8 buchas de maconha e um papelote de coca\u00edna. As duas motos usadas pelos assaltantes foram recolhidas para um p\u00e1tio credenciado e ser\u00e3o devolvidas aos propriet\u00e1rios.<\/p>\n<p><em>(Gazeta de Ara\u00e7ua\u00ed)<\/em><\/p>\n","protected":false},"excerpt":{"rendered":"<p>O assaltante foi morto durante troca de tiros com os policiais na regi\u00e3o de Itira, distrito de Ara\u00e7ua\u00ed. No tiroteio um comparsa dele foi baleado na perna e n\u00e3o corre risco de morte. Quatro policiais lotados em Ara\u00e7ua\u00ed, no Vale do Jequitinhonha, tiveram a liberdade concedida pela Justi\u00e7a Militar de Minas Gerais, e foram soltos [&hellip;]<\/p>\n","protected":false},"author":1,"featured_media":49603,"comment_status":"open","ping_status":"closed","sticky":false,"template":"","format":"standard","meta":{"amp_status":"","footnotes":""},"categories":[120],"tags":[29373,186,483,29276,29371,29372,29374],"class_list":["post-49602","post","type-post","status-publish","format-standard","has-post-thumbnail","hentry","category-jequi","tag-adaildo-dias-de-aguiar","tag-aracuai","tag-coronel-murta","tag-isaac-borges-da-cunha","tag-justica-militar-liberta-policiais-que-mataram-assaltante-em-aracuai","tag-policiais-que-mataram-assaltante-em-aracuai","tag-sargento-orias-chaves"],"_links":{"self":[{"href":"https:\/\/aconteceunovale.com.br\/portal\/index.php?rest_route=\/wp\/v2\/posts\/49602","targetHints":{"allow":["GET"]}}],"collection":[{"href":"https:\/\/aconteceunovale.com.br\/portal\/index.php?rest_route=\/wp\/v2\/posts"}],"about":[{"href":"https:\/\/aconteceunovale.com.br\/portal\/index.php?rest_route=\/wp\/v2\/types\/post"}],"author":[{"embeddable":true,"href":"https:\/\/aconteceunovale.com.br\/portal\/index.php?rest_route=\/wp\/v2\/users\/1"}],"replies":[{"embeddable":true,"href":"https:\/\/aconteceunovale.com.br\/portal\/index.php?rest_route=%2Fwp%2Fv2%2Fcomments&post=49602"}],"version-history":[{"count":0,"href":"https:\/\/aconteceunovale.com.br\/portal\/index.php?rest_route=\/wp\/v2\/posts\/49602\/revisions"}],"wp:featuredmedia":[{"embeddable":true,"href":"https:\/\/aconteceunovale.com.br\/portal\/index.php?rest_route=\/wp\/v2\/media\/49603"}],"wp:attachment":[{"href":"https:\/\/aconteceunovale.com.br\/portal\/index.php?rest_route=%2Fwp%2Fv2%2Fmedia&parent=49602"}],"wp:term":[{"taxonomy":"category","embeddable":true,"href":"https:\/\/aconteceunovale.com.br\/portal\/index.php?rest_route=%2Fwp%2Fv2%2Fcategories&post=49602"},{"taxonomy":"post_tag","embeddable":true,"href":"https:\/\/aconteceunovale.com.br\/portal\/index.php?rest_route=%2Fwp%2Fv2%2Ftags&post=49602"}],"curies":[{"name":"wp","href":"https:\/\/api.w.org\/{rel}","templated":true}]}}