{"id":49596,"date":"2015-01-09T12:53:37","date_gmt":"2015-01-09T15:53:37","guid":{"rendered":"http:\/\/aconteceunovale.com.br\/portal\/?p=49596"},"modified":"2015-01-09T15:54:40","modified_gmt":"2015-01-09T18:54:40","slug":"homem-e-encontrado-morto-dentro-de-casa-em-capelinha","status":"publish","type":"post","link":"https:\/\/aconteceunovale.com.br\/portal\/?p=49596","title":{"rendered":"Homem \u00e9 encontrado morto dentro de casa em Capelinha"},"content":{"rendered":"<h4><strong><em>Corpo estava em avan\u00e7ado estado de decomposi\u00e7\u00e3o. Um suspeito do crime foi preso pela Pol\u00edcia Militar.<\/em><\/strong><\/h4>\n<p>Um homem de 41 anos foi encontrado morto na manh\u00e3 desta sexta-feira, 9 de janeiro, no Bairro Maria L\u00facia, em Capelinha, no Vale do Jequitinhonha. De acordo com a Pol\u00edcia Militar, ap\u00f3s den\u00fancias via 190 dando conta de que havia uma casa na Rua Mauro Ant\u00f4nio Pimenta com forte odor e que h\u00e1 dias o propriet\u00e1rio n\u00e3o era visto, militares deslocaram at\u00e9 o local e localizaram o corpo de Ant\u00f4nio Geraldo Pereira de Sousa, debaixo de uma cama e em avan\u00e7ado estado de decomposi\u00e7\u00e3o.<\/p>\n<p>Ainda segundo a PM, uma irm\u00e3 da v\u00edtima relatou que no \u00faltimo domingo (4) teria ido at\u00e9 a casa do irm\u00e3o para visit\u00e1-lo e que nessa quinta teria retornado por duas vezes, mas foi impedida por Erildo Pereira Rodrigues de entrar na im\u00f3vel. A mulher tamb\u00e9m disse aos militares que teria amea\u00e7ado chamar a Pol\u00edcia, mas que Erildo teria tentado contornar a situa\u00e7\u00e3o dizendo que apenas estava olhando o bar enquanto o irm\u00e3o dela estava na ro\u00e7a.<\/p>\n<p><img decoding=\"async\" src=\"http:\/\/aconteceunovale.com.br\/portal\/wp-content\/uploads\/2015\/01\/homicidio_cap_8_1.jpg\" alt=\"\" \/><em>Corpo foi encontrado em uma casa no bairro Maria L\u00facia &#8211; Foto: Internauta\/WhatsApp<\/em><br \/>\n<\/br><\/p>\n<p>A Pol\u00edcia Militar tamb\u00e9m registrou em ocorr\u00eancia, que usu\u00e1rios do bar teriam notado um mau cheiro no local e questionaram o indiv\u00edduo Erildo, mas que este sempre falava que era por causa de uma geladeira. Ele tamb\u00e9m estaria entregando os produtos do bar sem cobrar nada dos consumidores.<\/p>\n<p>Ap\u00f3s o encontro do cad\u00e1ver, a Per\u00edcia T\u00e9cnica da Pol\u00edcia Civil foi acionada e ap\u00f3s os trabalhos de praxe, o corpo foi liberado para sepultamento. De acordo com o m\u00e9dico legista, Dr. Gustavo Nogueira Cardoso, a v\u00edtima sofreu um trauma contuso na regi\u00e3o temporal direita, com fratura do cr\u00e2nio, que possivelmente teria causado a morte. O m\u00e9dico disse tamb\u00e9m que naquele momento n\u00e3o era poss\u00edvel identificar outras poss\u00edveis les\u00f5es, devido o estado avan\u00e7ado de decomposi\u00e7\u00e3o do corpo.<\/p>\n<p><img decoding=\"async\" src=\"http:\/\/aconteceunovale.com.br\/portal\/wp-content\/uploads\/2015\/01\/corpo_encontrado_cap_1.jpg\" alt=\"\" \/><em>Corpo foi encontrado em estado avan\u00e7ado de decomposi\u00e7\u00e3o &#8211; Foto: Internauta\/WhatsApp<\/em><br \/>\n<\/br><\/p>\n<h4>Suspeito preso<\/h4>\n<p>Erildo Pereira Rodrigues, citado como suspeito da morte de Ant\u00f4nio Geraldo Pereira de Souza, foi preso na manh\u00e3 desta sexta em uma casa na Rua Alcino Angelino da Silva, no bairro Bela Vista. De acordo com a PM, ele foi localizado ap\u00f3s uma den\u00fancia an\u00f4nima dando conta de que um indiv\u00edduo foragido da Penitenci\u00e1ria de Par\u00e1 de Minas estaria na referida rua.<\/p>\n<p>Militares deslocaram at\u00e9 o local e localizaram o suspeito. Em consulta ao Sistema, foi constatado que Erildo possui v\u00e1rias passagens pelos meios policias e tinha um mandado de pris\u00e3o em seu desfavor. Ele foi preso, conduzido a Delegacia de Pol\u00edcia e posteriormente foi encaminhado para a Cadeia P\u00fablica de Capelinha.<\/p>\n<p><img decoding=\"async\" src=\"http:\/\/aconteceunovale.com.br\/portal\/wp-content\/uploads\/2015\/01\/corpo_encontrado_cap_2.jpg\" alt=\"\" \/><em>Militares encontraram o corpo ap\u00f3s den\u00fancias de vizinhos &#8211; Foto: Internauta\/WhatsApp<\/em><\/p>\n","protected":false},"excerpt":{"rendered":"<p>Corpo estava em avan\u00e7ado estado de decomposi\u00e7\u00e3o. Um suspeito do crime foi preso pela Pol\u00edcia Militar. Um homem de 41 anos foi encontrado morto na manh\u00e3 desta sexta-feira, 9 de janeiro, no Bairro Maria L\u00facia, em Capelinha, no Vale do Jequitinhonha. De acordo com a Pol\u00edcia Militar, ap\u00f3s den\u00fancias via 190 dando conta de que [&hellip;]<\/p>\n","protected":false},"author":1,"featured_media":49629,"comment_status":"open","ping_status":"closed","sticky":false,"template":"","format":"standard","meta":{"amp_status":"","footnotes":""},"categories":[120],"tags":[29375,29377,132,29404,29367,29369,29370,29368,29376],"class_list":["post-49596","post","type-post","status-publish","format-standard","has-post-thumbnail","hentry","category-jequi","tag-antonio-geraldo-pereira-de-sousa","tag-antonio-geraldo-pereira-de-sousa-encontrado-morto","tag-capelinha","tag-erildo-pereira-rodrigues","tag-homem-e-encontrado-morto-dentro-de-casa-em-capelinha","tag-homem-encontrado-morto-em-capelinha","tag-homem-encontrado-morto-no-bairro-maria-lucia-em-capelinha","tag-homem-morto-em-capelinha","tag-morte-de-antonio-geraldo-pereira-de-sousa"],"_links":{"self":[{"href":"https:\/\/aconteceunovale.com.br\/portal\/index.php?rest_route=\/wp\/v2\/posts\/49596","targetHints":{"allow":["GET"]}}],"collection":[{"href":"https:\/\/aconteceunovale.com.br\/portal\/index.php?rest_route=\/wp\/v2\/posts"}],"about":[{"href":"https:\/\/aconteceunovale.com.br\/portal\/index.php?rest_route=\/wp\/v2\/types\/post"}],"author":[{"embeddable":true,"href":"https:\/\/aconteceunovale.com.br\/portal\/index.php?rest_route=\/wp\/v2\/users\/1"}],"replies":[{"embeddable":true,"href":"https:\/\/aconteceunovale.com.br\/portal\/index.php?rest_route=%2Fwp%2Fv2%2Fcomments&post=49596"}],"version-history":[{"count":0,"href":"https:\/\/aconteceunovale.com.br\/portal\/index.php?rest_route=\/wp\/v2\/posts\/49596\/revisions"}],"wp:featuredmedia":[{"embeddable":true,"href":"https:\/\/aconteceunovale.com.br\/portal\/index.php?rest_route=\/wp\/v2\/media\/49629"}],"wp:attachment":[{"href":"https:\/\/aconteceunovale.com.br\/portal\/index.php?rest_route=%2Fwp%2Fv2%2Fmedia&parent=49596"}],"wp:term":[{"taxonomy":"category","embeddable":true,"href":"https:\/\/aconteceunovale.com.br\/portal\/index.php?rest_route=%2Fwp%2Fv2%2Fcategories&post=49596"},{"taxonomy":"post_tag","embeddable":true,"href":"https:\/\/aconteceunovale.com.br\/portal\/index.php?rest_route=%2Fwp%2Fv2%2Ftags&post=49596"}],"curies":[{"name":"wp","href":"https:\/\/api.w.org\/{rel}","templated":true}]}}