{"id":49512,"date":"2015-01-08T11:27:20","date_gmt":"2015-01-08T14:27:20","guid":{"rendered":"http:\/\/aconteceunovale.com.br\/portal\/?p=49512"},"modified":"2015-01-17T13:05:27","modified_gmt":"2015-01-17T16:05:27","slug":"reveillon-axe-moi-2015-foi-mais-um-grande-sucesso","status":"publish","type":"post","link":"https:\/\/aconteceunovale.com.br\/portal\/?p=49512","title":{"rendered":"R\u00e9veillon Ax\u00e9 Moi 2015 foi mais um grande sucesso"},"content":{"rendered":"<h4><em><strong>Milhares de pessoas de todo Brasil lotaram a Arena Ax\u00e9 Moi nos tr\u00eas dias de festa<\/strong><\/em><\/h4>\n<p>O R\u00e9veillon Ax\u00e9 Moi 2015 foi realizado na Arena Ax\u00e9 Moi nos dias 01, 02 e 03 de janeiro.  Thiaguinho abriu o primeiro dia da festa, no palco, cantando novos e antigos sucessos. O cantor ficou encantado com a energia do p\u00fablico e a receptividade que teve na cidade. <\/p>\n<p>Em seguida, Saulo animou a galera cantando m\u00fasicas como \u201cCirculou\u201d, \u201cRua 15\u201d, \u201cVu\u201d e \u201cRaiz de todo bem\u201d. O cantor fez quest\u00e3o de lembrar que estar\u00e1 presente tamb\u00e9m no Carnaporto Ax\u00e9 Moi 2015, que ocorre em fevereiro.<\/p>\n<p>O segundo dia do R\u00e9veillon Ax\u00e9 Moi come\u00e7ou no ritmo fren\u00e9tico da Cl\u00e1udia Leitte. Em entrevista, a cantora falou sobre o grande ano que teve em 2014 e da felicidade de poder participar do R\u00e9veillon Ax\u00e9 Moi 2015. Em sua apresenta\u00e7\u00e3o, Cl\u00e1udia Leitte relembrou antigos sucessos, apresentou can\u00e7\u00f5es que fazem parte do seu repert\u00f3rio novo e ensinou a coreografia de sua nova m\u00fasica \u201cCart\u00f3rio\u201d, cuja letra j\u00e1 est\u00e1 na boca da galera. O v\u00eddeo j\u00e1 virou viral na internet. <\/p>\n<p>Em seguida, a Banda Avi\u00f5es do Forr\u00f3 puxou a galera em cima do trio el\u00e9trico com um convidado muito especial: o cantor Gustavo Lima. A banda fez o p\u00fablico delirar com m\u00fasicas famosas do grupo, al\u00e9m de fazer o momento \u201csofr\u00eancia\u201d, nova moda do ver\u00e3o 2015, com m\u00fasicas para dan\u00e7ar coladinho.<\/p>\n<p><img decoding=\"async\" src=\"http:\/\/aconteceunovale.com.br\/portal\/wp-content\/uploads\/2015\/01\/reveillon_axe_moi_15.png\" alt=\"\" \/><em>Bell Marques, uma das atra\u00e7\u00f5es do R\u00e9veillon Ax\u00e9 Moi 2015 &#8211; Foto: Divulga\u00e7\u00e3o<\/em><br \/>\n<\/br><\/p>\n<p>Bell Marques abriu o terceiro e ultimo dia de R\u00e9veillon Ax\u00e9 moi 2015. Para o cantor, todo evento na Arena Ax\u00e9 Moi tem um sabor ainda mais especial. \u201cO meu primeiro show em carreira solo foi aqui na Arena, no Carnaporto 2014. \u00c9 sempre especial voltar aqui\u201d, afirmou. O show, repleto de composi\u00e7\u00f5es do artista, fez o p\u00fablico cantar e dan\u00e7ar com muito ax\u00e9. <\/p>\n<p>E para fechar a festa com chave de ouro, Tomate tocou at\u00e9 o dia amanhecer. O cantor deixou o p\u00fablico colorido, e fez um show com repert\u00f3rio ecl\u00e9tico e muito animado. Tomate lembrou ainda, que estar\u00e1 presente no Carnaporto Ax\u00e9 Moi 2015 deixando sempre a pergunta no ar \u201cser\u00e1 que este ano eu vou pra rua\u201d? O p\u00fablico foi \u00e0 loucura.<\/p>\n<h4>Eventos<\/h4>\n<p>O R\u00e9veillon Ax\u00e9 Moi 2015 foi uma das festas realizadas pelo Grupo Ax\u00e9 Moi para a temporada de Ver\u00e3o 2015, que foi aberta com um grande show da cantora Ivete Sangalo, no dia 29 de janeiro. Na segunda-feira, 05, houve um grande luau de ver\u00e3o na Cabana Ax\u00e9 Moi. <\/p>\n<p>No pr\u00f3ximo dia 12, a Arena Ax\u00e9 Moi ser\u00e1 palco da 1\u00aa Chopada do Eva em Porto Seguro. Os ingressos para esta festa, open bar de \u00e1gua, Skol e refrigerante, custam R$ 75,00 e podem ser adquiridos no Ax\u00e9 Moi ou na pr\u00f3pria Arena. No dia 19 de janeiro, \u00e9 a vez da Banda Jammil e uma noites comandar a chopada  na Arena Ax\u00e9 Moi. Quem comprar o ingresso para um desses eventos, ganha uma caneca exclusiva do Ax\u00e9 Moi. <\/p>\n<p>E tem muito mais novidade chegando por a\u00ed. Para maiores informa\u00e7\u00f5es acesso o site <a href=\"http:\/\/www.axemoi.com.br\" target=\"_blank\">www.axemoi.com.br<\/a> ou ligue para (73) 3288-8930.<\/p>\n","protected":false},"excerpt":{"rendered":"<p>Milhares de pessoas de todo Brasil lotaram a Arena Ax\u00e9 Moi nos tr\u00eas dias de festa O R\u00e9veillon Ax\u00e9 Moi 2015 foi realizado na Arena Ax\u00e9 Moi nos dias 01, 02 e 03 de janeiro. Thiaguinho abriu o primeiro dia da festa, no palco, cantando novos e antigos sucessos. O cantor ficou encantado com a [&hellip;]<\/p>\n","protected":false},"author":1,"featured_media":49513,"comment_status":"open","ping_status":"closed","sticky":false,"template":"","format":"standard","meta":{"amp_status":"","footnotes":""},"categories":[125],"tags":[29274,19281,29273,423,15931,7925,29272],"class_list":["post-49512","post","type-post","status-publish","format-standard","has-post-thumbnail","hentry","category-noticias","tag-1a-chopada-do-eva-em-porto-seguro","tag-arena-axe-moi","tag-milhares-de-pessoas-de-todo-brasil-lotaram-a-arena-axe-moi-no-reveillon-2015","tag-porto-seguro","tag-reveillon-axe-moi","tag-reveillon-axe-moi-2015","tag-reveillon-axe-moi-2015-foi-mais-um-grande-sucesso"],"_links":{"self":[{"href":"https:\/\/aconteceunovale.com.br\/portal\/index.php?rest_route=\/wp\/v2\/posts\/49512","targetHints":{"allow":["GET"]}}],"collection":[{"href":"https:\/\/aconteceunovale.com.br\/portal\/index.php?rest_route=\/wp\/v2\/posts"}],"about":[{"href":"https:\/\/aconteceunovale.com.br\/portal\/index.php?rest_route=\/wp\/v2\/types\/post"}],"author":[{"embeddable":true,"href":"https:\/\/aconteceunovale.com.br\/portal\/index.php?rest_route=\/wp\/v2\/users\/1"}],"replies":[{"embeddable":true,"href":"https:\/\/aconteceunovale.com.br\/portal\/index.php?rest_route=%2Fwp%2Fv2%2Fcomments&post=49512"}],"version-history":[{"count":0,"href":"https:\/\/aconteceunovale.com.br\/portal\/index.php?rest_route=\/wp\/v2\/posts\/49512\/revisions"}],"wp:featuredmedia":[{"embeddable":true,"href":"https:\/\/aconteceunovale.com.br\/portal\/index.php?rest_route=\/wp\/v2\/media\/49513"}],"wp:attachment":[{"href":"https:\/\/aconteceunovale.com.br\/portal\/index.php?rest_route=%2Fwp%2Fv2%2Fmedia&parent=49512"}],"wp:term":[{"taxonomy":"category","embeddable":true,"href":"https:\/\/aconteceunovale.com.br\/portal\/index.php?rest_route=%2Fwp%2Fv2%2Fcategories&post=49512"},{"taxonomy":"post_tag","embeddable":true,"href":"https:\/\/aconteceunovale.com.br\/portal\/index.php?rest_route=%2Fwp%2Fv2%2Ftags&post=49512"}],"curies":[{"name":"wp","href":"https:\/\/api.w.org\/{rel}","templated":true}]}}