{"id":49507,"date":"2015-01-08T11:04:09","date_gmt":"2015-01-08T14:04:09","guid":{"rendered":"http:\/\/aconteceunovale.com.br\/portal\/?p=49507"},"modified":"2015-01-08T11:04:09","modified_gmt":"2015-01-08T14:04:09","slug":"carreta-sai-da-pista-capota-e-motorista-morre-na-br-116-no-vale-do-mucuri","status":"publish","type":"post","link":"https:\/\/aconteceunovale.com.br\/portal\/?p=49507","title":{"rendered":"Carreta sai da pista, capota e motorista morre na BR-116, no Vale do Mucuri"},"content":{"rendered":"<h4><strong><em>Acidente aconteceu na madrugada desta quinta-feira no munic\u00edpio de Catuji. Motorista morreu no local.<\/em><\/strong><\/h4>\n<p>O motorista de uma carreta morreu na madrugada desta quinta-feira, 8 de janeiro, em acidente na altura do quil\u00f4metro 222 da BR-116, no munic\u00edpio de Catuji, no Vale do Mucuri. <\/p>\n<p>De acordo com o Corpo de Bombeiros, o ve\u00edculo tipo reboque, placa CUC-6605 de Pindamonhangaba\/SP, seguia em dire\u00e7\u00e3o a Te\u00f3filo Otoni quando colidiu com outro ve\u00edculo, saiu a pista e capotou. <\/p>\n<p>O condutor, Renato Cardoso de Oliveira, morreu preso \u00e0s ferragens. A Per\u00edcia T\u00e9cnica da Pol\u00edcia Civil foi acionada e ap\u00f3s os procedimentos de praxe, o corpo foi encaminhado para o Instituto M\u00e9dico Legal de Te\u00f3filo Otoni.<\/p>\n<p><img decoding=\"async\" src=\"http:\/\/aconteceunovale.com.br\/portal\/wp-content\/uploads\/2015\/01\/acidente_carreta_catuji_8_1.jpg\" alt=\"\" \/><em>Acidente aconteceu no quil\u00f4metro 222 da BR-116, em Catuji &#8211; Foto: Internauta\/WhatsApp<\/em><br \/>\n<\/br><\/p>\n<p><img decoding=\"async\" src=\"http:\/\/aconteceunovale.com.br\/portal\/wp-content\/uploads\/2015\/01\/acidente_carreta_catuji_8_2.jpg\" alt=\"\" \/><em>Acidente aconteceu no quil\u00f4metro 222 da BR-116, em Catuji &#8211; Foto: Internauta\/WhatsApp<\/em><\/p>\n","protected":false},"excerpt":{"rendered":"<p>Acidente aconteceu na madrugada desta quinta-feira no munic\u00edpio de Catuji. Motorista morreu no local. O motorista de uma carreta morreu na madrugada desta quinta-feira, 8 de janeiro, em acidente na altura do quil\u00f4metro 222 da BR-116, no munic\u00edpio de Catuji, no Vale do Mucuri. De acordo com o Corpo de Bombeiros, o ve\u00edculo tipo reboque, [&hellip;]<\/p>\n","protected":false},"author":1,"featured_media":49508,"comment_status":"open","ping_status":"closed","sticky":false,"template":"","format":"standard","meta":{"amp_status":"","footnotes":""},"categories":[122],"tags":[29265,29264,29270,29268,660,29266,29271,29267,29269,164],"class_list":["post-49507","post","type-post","status-publish","format-standard","has-post-thumbnail","hentry","category-mucuri","tag-acidente-com-carreta-de-pindamonhangaba","tag-acidente-com-carreta-de-pindamonhangaba-na-br-116","tag-acidente-com-renato-cardoso-de-oliveira","tag-acidente-em-catuji","tag-catuji","tag-fotos-do-acidente-com-carreta-de-pindamonhangaba","tag-fotos-do-acidente-com-renato-cardoso-de-oliveira","tag-pindamonhangaba","tag-renato-cardoso-de-oliveira","tag-teofilo-otoni"],"_links":{"self":[{"href":"https:\/\/aconteceunovale.com.br\/portal\/index.php?rest_route=\/wp\/v2\/posts\/49507","targetHints":{"allow":["GET"]}}],"collection":[{"href":"https:\/\/aconteceunovale.com.br\/portal\/index.php?rest_route=\/wp\/v2\/posts"}],"about":[{"href":"https:\/\/aconteceunovale.com.br\/portal\/index.php?rest_route=\/wp\/v2\/types\/post"}],"author":[{"embeddable":true,"href":"https:\/\/aconteceunovale.com.br\/portal\/index.php?rest_route=\/wp\/v2\/users\/1"}],"replies":[{"embeddable":true,"href":"https:\/\/aconteceunovale.com.br\/portal\/index.php?rest_route=%2Fwp%2Fv2%2Fcomments&post=49507"}],"version-history":[{"count":0,"href":"https:\/\/aconteceunovale.com.br\/portal\/index.php?rest_route=\/wp\/v2\/posts\/49507\/revisions"}],"wp:featuredmedia":[{"embeddable":true,"href":"https:\/\/aconteceunovale.com.br\/portal\/index.php?rest_route=\/wp\/v2\/media\/49508"}],"wp:attachment":[{"href":"https:\/\/aconteceunovale.com.br\/portal\/index.php?rest_route=%2Fwp%2Fv2%2Fmedia&parent=49507"}],"wp:term":[{"taxonomy":"category","embeddable":true,"href":"https:\/\/aconteceunovale.com.br\/portal\/index.php?rest_route=%2Fwp%2Fv2%2Fcategories&post=49507"},{"taxonomy":"post_tag","embeddable":true,"href":"https:\/\/aconteceunovale.com.br\/portal\/index.php?rest_route=%2Fwp%2Fv2%2Ftags&post=49507"}],"curies":[{"name":"wp","href":"https:\/\/api.w.org\/{rel}","templated":true}]}}