{"id":49504,"date":"2015-01-08T10:08:53","date_gmt":"2015-01-08T13:08:53","guid":{"rendered":"http:\/\/aconteceunovale.com.br\/portal\/?p=49504"},"modified":"2015-01-08T10:08:53","modified_gmt":"2015-01-08T13:08:53","slug":"detentos-da-penitenciaria-de-teofilo-otoni-publicam-poemas-em-revista-literaria","status":"publish","type":"post","link":"https:\/\/aconteceunovale.com.br\/portal\/?p=49504","title":{"rendered":"Detentos da Penitenci\u00e1ria de Te\u00f3filo Otoni publicam poemas em revista liter\u00e1ria"},"content":{"rendered":"<h4><strong><em>Os textos foram produzidos por estudantes da modalidade Educa\u00e7\u00e3o de Jovens e Adultos (EJA), matriculados na escola do pres\u00eddio.<\/em><\/strong><\/h4>\n<p>Na Escola Estadual Rubem Tomich, que funciona na Penitenci\u00e1ria de Te\u00f3filo Otoni, no Vale do Mucuri, detentos s\u00e3o incentivados a escrever poesias, que s\u00e3o publicadas na Revista Liter\u00e1ria Eu sou Poeta, uma antologia de poemas lan\u00e7ada na conclus\u00e3o do ano letivo de 2014, que j\u00e1 est\u00e1 na segunda edi\u00e7\u00e3o. Os textos foram produzidos por alunos da modalidade Educa\u00e7\u00e3o de Jovens e Adultos (EJA), matriculados na escola da penitenci\u00e1ria.<\/p>\n<p>\u201cHoje eu percebi, que tudo n\u00e3o passa de ilus\u00e3o, como eu vou sorrir, encarcerado na pris\u00e3o!\u201d. Este \u00e9 um fragmento da poesia Liberdade, escrita por Marcos Vin\u00edcius dos Santos, 31 anos, que integra a sele\u00e7\u00e3o de 43 poemas publicados na revista. A dor, a saudade, o arrependimento e o desejo de liberdade s\u00e3o temas recorrentes em quase todas as poesias. Na an\u00e1lise da professora de portugu\u00eas da escola, D\u00f3ria Michaelsen, os alunos \u201cem cada linha, refor\u00e7am a for\u00e7a e a f\u00e9 deles mesmos. A for\u00e7a significa coragem, um destemor em meio a um mar de incertezas, o desejo de muitos por uma mudan\u00e7a de valores. A f\u00e9 s\u00f3 a entende quem a tem\u201d.<\/p>\n<p><img decoding=\"async\" src=\"http:\/\/aconteceunovale.com.br\/portal\/wp-content\/uploads\/2015\/01\/revistas_detentos_teo.jpg\" alt=\"\" \/><em>A Revista Liter\u00e1ria Eu sou Poeta \u00e9 uma antologia de poemas lan\u00e7ada em 2014 &#8211; Foto: Divulga\u00e7\u00e3o<\/em><br \/>\n<\/br><\/p>\n<p>Dos 43 poemas da revista, tr\u00eas s\u00e3o de Marcos, mas ele tem muitos outros guardados. \u201cEscrevo em qualquer lugar, na sala de aula, no p\u00e1tio, no corredor, no entanto \u00e9 na cela, \u00e0 noite, que tenho mais inspira\u00e7\u00e3o, bate uma solid\u00e3o e saudade. As palavras saem como um desabafo, um al\u00edvio\u201d, revela. Seu parente mais pr\u00f3ximo est\u00e1 a mais de 300 quil\u00f4metros de dist\u00e2ncia e, por isso, ele recebe visitas esporadicamente. A m\u00e3e j\u00e1 fez algumas visitas, nos quase tr\u00eas anos em que est\u00e1 na unidade prisional, mas a irm\u00e3 que mora em Rond\u00f4nia ainda n\u00e3o conseguiu visit\u00e1-lo. Marcos est\u00e1 ansioso para a progress\u00e3o de regime, pois daqui a quatro meses passa para o semiaberto.<\/p>\n<p>H\u00e1 in\u00fameras hist\u00f3rias de vida semelhantes \u00e0s do poeta, e todas t\u00eam uma t\u00f4nica: a esperan\u00e7a. O diretor-geral da Penitenci\u00e1ria de Te\u00f3filo Otoni, Ademilson Rodrigues Jardim, \u00e9 testemunha do quanto a dedica\u00e7\u00e3o \u00e0 arte e aos estudos influencia positivamente os presos da unidade. \u201cAqueles que estudam conseguem vislumbrar um futuro diferente para suas vidas, longe da criminalidade, e a incid\u00eancia em faltas disciplinares \u00e9 praticamente inexistente\u201d. conta.<\/p>\n<h4>Ensino e trabalho<\/h4>\n<p>A Escola Estadual Rubem Tomich, que funciona dentro da unidade desde 1989, teve no ano passado 150 alunos matriculados da alfabetiza\u00e7\u00e3o at\u00e9 o ensino m\u00e9dio, o que corresponde a 50% dos detentos da unidade. Ao todo, 10 presos conclu\u00edram no final de 2014 o ensino m\u00e9dio, com direito a formatura e becas confeccionadas pelos pr\u00f3prios detentos na alfaiataria da penitenci\u00e1ria.<\/p>\n<p>Dois detentos cursam o ensino superior a dist\u00e2ncia, um passou para o quarto per\u00edodo de Ci\u00eancias Cont\u00e1beis e outro para o quinto per\u00edodo de Administra\u00e7\u00e3o. No \u00faltimo Exame Nacional do Ensino M\u00e9dio (Enem) a escola teve 50 inscritos, na faixa et\u00e1ria dos 22 aos 34 anos.<\/p>\n<p>A penitenci\u00e1ria promove a ressocializa\u00e7\u00e3o por meio da educa\u00e7\u00e3o e do trabalho, conta com biblioteca atualizada e dentre as atividades ofertadas est\u00e3o oficinas de horticultura, bovinocultura, alfaiataria, artesanato, pomicultura e servi\u00e7os gerais de limpeza e manuten\u00e7\u00e3o. Na escola tamb\u00e9m s\u00e3o promovidos campeonatos de futsal, futebol e peteca, e um coral.<\/p>\n<p>Em todo o Estado, cerca de 13 mil detentos trabalham em atividades de ressocializa\u00e7\u00e3o. As ocupa\u00e7\u00f5es s\u00e3o em segmentos como mec\u00e2nica, serralheria, marcenaria, tornearia, costura e atividades agropecu\u00e1rias. As a\u00e7\u00f5es s\u00e3o realizadas por meio de, aproximadamente, 300 parcerias entre a Secretaria de Defesa Social (Seds) e empresas de Minas.<\/p>\n<p>Al\u00e9m disso, outros 8.500 estudam enquanto cumprem pena no sistema prisional mineiro. Eles representam cerca de 29% do total de presos condenados sob a cust\u00f3dia da Suapi. (Ag\u00eancia Minas)<\/p>\n","protected":false},"excerpt":{"rendered":"<p>Os textos foram produzidos por estudantes da modalidade Educa\u00e7\u00e3o de Jovens e Adultos (EJA), matriculados na escola do pres\u00eddio. Na Escola Estadual Rubem Tomich, que funciona na Penitenci\u00e1ria de Te\u00f3filo Otoni, no Vale do Mucuri, detentos s\u00e3o incentivados a escrever poesias, que s\u00e3o publicadas na Revista Liter\u00e1ria Eu sou Poeta, uma antologia de poemas lan\u00e7ada [&hellip;]<\/p>\n","protected":false},"author":1,"featured_media":49505,"comment_status":"open","ping_status":"closed","sticky":false,"template":"","format":"standard","meta":{"amp_status":"","footnotes":""},"categories":[122],"tags":[27239,29260,29259,29263,29261,29262,164],"class_list":["post-49504","post","type-post","status-publish","format-standard","has-post-thumbnail","hentry","category-mucuri","tag-ademilson-rodrigues-jardim","tag-detentos-da-penitenciaria-de-teofilo-otoni","tag-detentos-da-penitenciaria-de-teofilo-otoni-publicam-poemas-em-revista-literaria","tag-doria-michaelsen","tag-escola-estadual-rubem-tomich","tag-revista-literaria-eu-sou-poeta","tag-teofilo-otoni"],"_links":{"self":[{"href":"https:\/\/aconteceunovale.com.br\/portal\/index.php?rest_route=\/wp\/v2\/posts\/49504","targetHints":{"allow":["GET"]}}],"collection":[{"href":"https:\/\/aconteceunovale.com.br\/portal\/index.php?rest_route=\/wp\/v2\/posts"}],"about":[{"href":"https:\/\/aconteceunovale.com.br\/portal\/index.php?rest_route=\/wp\/v2\/types\/post"}],"author":[{"embeddable":true,"href":"https:\/\/aconteceunovale.com.br\/portal\/index.php?rest_route=\/wp\/v2\/users\/1"}],"replies":[{"embeddable":true,"href":"https:\/\/aconteceunovale.com.br\/portal\/index.php?rest_route=%2Fwp%2Fv2%2Fcomments&post=49504"}],"version-history":[{"count":0,"href":"https:\/\/aconteceunovale.com.br\/portal\/index.php?rest_route=\/wp\/v2\/posts\/49504\/revisions"}],"wp:featuredmedia":[{"embeddable":true,"href":"https:\/\/aconteceunovale.com.br\/portal\/index.php?rest_route=\/wp\/v2\/media\/49505"}],"wp:attachment":[{"href":"https:\/\/aconteceunovale.com.br\/portal\/index.php?rest_route=%2Fwp%2Fv2%2Fmedia&parent=49504"}],"wp:term":[{"taxonomy":"category","embeddable":true,"href":"https:\/\/aconteceunovale.com.br\/portal\/index.php?rest_route=%2Fwp%2Fv2%2Fcategories&post=49504"},{"taxonomy":"post_tag","embeddable":true,"href":"https:\/\/aconteceunovale.com.br\/portal\/index.php?rest_route=%2Fwp%2Fv2%2Ftags&post=49504"}],"curies":[{"name":"wp","href":"https:\/\/api.w.org\/{rel}","templated":true}]}}