{"id":49449,"date":"2015-01-07T11:19:36","date_gmt":"2015-01-07T14:19:36","guid":{"rendered":"http:\/\/aconteceunovale.com.br\/portal\/?p=49449"},"modified":"2015-01-17T13:05:56","modified_gmt":"2015-01-17T16:05:56","slug":"minas-novas-divulga-programacao-do-tradicional-carnaval-bom-d","status":"publish","type":"post","link":"https:\/\/aconteceunovale.com.br\/portal\/?p=49449","title":{"rendered":"Minas Novas divulga programa\u00e7\u00e3o do tradicional Carnaval Bom D+"},"content":{"rendered":"<h4><em><strong>Principais atra\u00e7\u00f5es do evento foram divulgadas pela prefeitura. Em 2015 estar\u00e1 de volta o tradicional Camarote Fanadeiros.<\/strong><\/em><\/h4>\n<p>A Prefeitura de Minas Novas divulgou na manh\u00e3 desta quarta-feira, 7 de janeiro, a programa\u00e7\u00e3o do Carnaval Bom D+ 2015. O tradicional evento, considerado como um dos maiores do interior de Minas, arrasta multid\u00f5es h\u00e1 mais de 30 anos para hist\u00f3rica cidade do Alto Jequitinhonha, ser\u00e1 realizado de 13 a 17 de fevereiro.<\/p>\n<p>Foli\u00f5es de toda a regi\u00e3o poder\u00e3o curtir os cinco dias de carnaval com shows das bandas Barco a Vela, Levada Louca, Som do Povo, Gil Mel\u00e2ndia e Fricote, al\u00e9m de shows locais e regionais, que ser\u00e3o divulgados posteriormente. O carnaval de Minas Novas tamb\u00e9m conta com v\u00e1rias outras atra\u00e7\u00f5es, como shows no balne\u00e1rio Barragem das Almas, matin\u00eas, Mercado do Samba, blocos caricatos, bloco da melhor idade, entre outros.<\/p>\n<p>Tradicionalmente, o show principal de cada noite, no trio el\u00e9trico, come\u00e7a na pra\u00e7a em frente ao Est\u00e1dio Municipal Dr. Pedro An\u00edsio Maia e segue at\u00e9 a Pra\u00e7a da C\u00e2mara Municipal, onde os foli\u00f5es contam com estrutura de barracas e camarotes.<\/p>\n<p>Em 2015, estar\u00e1 de volta o tradicional Camarote Fanadeiros. Os foli\u00f5es interessados em curtir a festa em um espa\u00e7o vip, com vis\u00e3o privilegiada do trio el\u00e9trico, open bar e open food, poder\u00e3o acessar o site <a href=\"http:\/\/fanadeiros.com.br\/2015\/\" target=\"_blank\">www.fanadeiros.com.br<\/a> e garantir o passaporte.<\/p>\n<p>Confira abaixo a programa\u00e7\u00e3o:<\/p>\n<p><img decoding=\"async\" src=\"http:\/\/www.tipohost.com.br\/aconteceunovale\/carnaval_de_minas_novas.jpg\" alt=\"\" \/><\/p>\n","protected":false},"excerpt":{"rendered":"<p>Principais atra\u00e7\u00f5es do evento foram divulgadas pela prefeitura. Em 2015 estar\u00e1 de volta o tradicional Camarote Fanadeiros. A Prefeitura de Minas Novas divulgou na manh\u00e3 desta quarta-feira, 7 de janeiro, a programa\u00e7\u00e3o do Carnaval Bom D+ 2015. O tradicional evento, considerado como um dos maiores do interior de Minas, arrasta multid\u00f5es h\u00e1 mais de 30 [&hellip;]<\/p>\n","protected":false},"author":1,"featured_media":49451,"comment_status":"open","ping_status":"closed","sticky":false,"template":"","format":"standard","meta":{"amp_status":"","footnotes":""},"categories":[125],"tags":[29180,29178,29179,29172,29174,29171,29173,29182,29181,854,137,29170,29175,29176,29177,171],"class_list":["post-49449","post","type-post","status-publish","format-standard","has-post-thumbnail","hentry","category-noticias","tag-barco-a-vela","tag-camarote-fanadeiros","tag-camarote-fanadeiros-do-carnaval-de-minas-novas","tag-carnaval-2015-de-minas-novas","tag-carnaval-bom-d-2015","tag-carnaval-bom-d-de-minas-novas","tag-carnaval-de-minas-novas-2015","tag-fricote","tag-gil-melandia","tag-levada-louca","tag-minas-novas","tag-minas-novas-divulga-programacao-do-tradicional-carnaval-bom-d","tag-programacao-do-carnaval-de-minas-novas-2015","tag-qual-a-programacao-do-carnaval-de-minas-novas-2015","tag-shows-do-carnaval-de-minas-novas-2015","tag-som-do-povo"],"_links":{"self":[{"href":"https:\/\/aconteceunovale.com.br\/portal\/index.php?rest_route=\/wp\/v2\/posts\/49449","targetHints":{"allow":["GET"]}}],"collection":[{"href":"https:\/\/aconteceunovale.com.br\/portal\/index.php?rest_route=\/wp\/v2\/posts"}],"about":[{"href":"https:\/\/aconteceunovale.com.br\/portal\/index.php?rest_route=\/wp\/v2\/types\/post"}],"author":[{"embeddable":true,"href":"https:\/\/aconteceunovale.com.br\/portal\/index.php?rest_route=\/wp\/v2\/users\/1"}],"replies":[{"embeddable":true,"href":"https:\/\/aconteceunovale.com.br\/portal\/index.php?rest_route=%2Fwp%2Fv2%2Fcomments&post=49449"}],"version-history":[{"count":0,"href":"https:\/\/aconteceunovale.com.br\/portal\/index.php?rest_route=\/wp\/v2\/posts\/49449\/revisions"}],"wp:featuredmedia":[{"embeddable":true,"href":"https:\/\/aconteceunovale.com.br\/portal\/index.php?rest_route=\/wp\/v2\/media\/49451"}],"wp:attachment":[{"href":"https:\/\/aconteceunovale.com.br\/portal\/index.php?rest_route=%2Fwp%2Fv2%2Fmedia&parent=49449"}],"wp:term":[{"taxonomy":"category","embeddable":true,"href":"https:\/\/aconteceunovale.com.br\/portal\/index.php?rest_route=%2Fwp%2Fv2%2Fcategories&post=49449"},{"taxonomy":"post_tag","embeddable":true,"href":"https:\/\/aconteceunovale.com.br\/portal\/index.php?rest_route=%2Fwp%2Fv2%2Ftags&post=49449"}],"curies":[{"name":"wp","href":"https:\/\/api.w.org\/{rel}","templated":true}]}}