{"id":49446,"date":"2015-01-07T10:40:18","date_gmt":"2015-01-07T13:40:18","guid":{"rendered":"http:\/\/aconteceunovale.com.br\/portal\/?p=49446"},"modified":"2015-01-07T18:37:23","modified_gmt":"2015-01-07T21:37:23","slug":"professora-desaparece-misteriosamente-em-ninheira-no-norte-de-minas","status":"publish","type":"post","link":"https:\/\/aconteceunovale.com.br\/portal\/?p=49446","title":{"rendered":"Professora desaparece misteriosamente em Ninheira, no Norte de Minas"},"content":{"rendered":"<h4><strong><em>Al\u00e9m de trabalhar para prefeitura, mulher tamb\u00e9m coordena uma creche. Moradores e pol\u00edcia fazem buscas na regi\u00e3o.<\/em><\/strong><\/h4>\n<p>A Pol\u00edcia Civil investiga o desaparecimento de uma professora de 32 anos que est\u00e1 sumida h\u00e1 quatro dias em Ninheira, no Norte de Minas. At\u00e9 a manh\u00e3 desta quarta-feira (7), n\u00e3o havia nenhuma pista da profissional, que tamb\u00e9m coordena uma creche na cidade.<\/p>\n<p>No \u00faltimo s\u00e1bado (3), Claudineia Rocha Bandeira estava sozinha em casa. A filha, uma crian\u00e7a de 10 anos, tinha sa\u00eddo com o pai. Ao retornar para o im\u00f3vel, localizado no centro de Ninheira, o homem n\u00e3o encontrou a professora.<\/p>\n<p>\u201cO port\u00e3o da casa estava trancado e as portas destrancadas. Ela saiu com a roupa do corpo sem levar qualquer documento ou celular\u201d, contou um colega de trabalho que n\u00e3o quis ser identificado na reportagem.<\/p>\n<p><img decoding=\"async\" src=\"http:\/\/aconteceunovale.com.br\/portal\/wp-content\/uploads\/2015\/01\/professora_desaparecida.jpg\" alt=\"\" \/><em>Claudineia trabalha para a Prefeitura de Ninheira &#8211; Foto: Reprodu\u00e7\u00e3o \/ Arquivo da Fam\u00edlia<\/em><br \/>\n<\/br><\/p>\n<p>A Pol\u00edcia Militar (PM) foi acionada no domingo (4) e registrou o boletim de ocorr\u00eancia. Desde ent\u00e3o, militares fazem buscas na regi\u00e3o, mas a mulher n\u00e3o foi localizada. Segundo o irm\u00e3o mais velho da professora, que se identificou apenas como Donato, de 50 anos, todos est\u00e3o ajudando nas buscas. &#8220;Tem umas cem pessoas em busca dela, mas at\u00e9 agora n\u00e3o temos nenhuma novidade, nenhuma pista, \u00e9 uma situa\u00e7\u00e3o muito complicada&#8221;, lamentou o familiar.<\/p>\n<p>Segundo ele, a irm\u00e3 ca\u00e7ula n\u00e3o chegou a se queixar de nenhuma problema pessoal ou de amea\u00e7as. &#8220;O que tem \u00e9 que ela se separou do marido, mas j\u00e1 faz dois anos. Al\u00e9m disso, ele tinha uma amizade com todo mundo da fam\u00edlia. Minha irm\u00e3 \u00e9 uma mo\u00e7a muito inteligente, bonita, muito querida por todos&#8221;, lembrou.<\/p>\n<p>Ainda conforme o relato do parente, a irm\u00e3 lavava lou\u00e7a no momento em que o ex-marido chegou para buscar a filha e lev\u00e1-la na feira. &#8220;Quando ele retornou, ap\u00f3s algum tempo, ela j\u00e1 n\u00e3o estava mais l\u00e1. A pol\u00edcia e os volunt\u00e1rios j\u00e1 rodaram a regi\u00e3o inteira e nada. Estamos desesperados&#8221;, lamentou o irm\u00e3o.<\/p>\n<p>Claudineia, al\u00e9m de professora no Centro Municipal de Educa\u00e7\u00e3o Infantil Sonho Meu, coordena a creche da cidade. A investiga\u00e7\u00e3o do caso est\u00e1 com a delegacia de S\u00e3o Jo\u00e3o do Para\u00edso.<\/p>\n<h4>Cidade mobilizada<\/h4>\n<p>Ainda conforme o chefe de administra\u00e7\u00e3o, ao tomar conhecimento do desaparecimento, um grupo de moradores de mobilizou e j\u00e1 fez buscas em localidades vizinhas, como Bananeiras e Machado Mineiro. Al\u00e9m disso, um helic\u00f3ptero participa da opera\u00e7\u00e3o.<\/p>\n<p>\u201cExceto os carros que prestam atendimento para o setor de sa\u00fade, os outros ve\u00edculos da prefeitura est\u00e3o empenhados na buscas. Professores e moradores tamb\u00e9m est\u00e3o procurando pela Claudineia\u201d. At\u00e9 o fim da tarde desta quarta-feira, ainda n\u00e3o havia qualquer novidade sobre o paradeiro da mulher, ainda de acordo com a PM.<\/p>\n<p>Quem tiver informa\u00e7\u00f5es sobre o paradeiro da professora pode entrar em contato pelo telefone 181. (O Tempo)<\/p>\n","protected":false},"excerpt":{"rendered":"<p>Al\u00e9m de trabalhar para prefeitura, mulher tamb\u00e9m coordena uma creche. Moradores e pol\u00edcia fazem buscas na regi\u00e3o. A Pol\u00edcia Civil investiga o desaparecimento de uma professora de 32 anos que est\u00e1 sumida h\u00e1 quatro dias em Ninheira, no Norte de Minas. At\u00e9 a manh\u00e3 desta quarta-feira (7), n\u00e3o havia nenhuma pista da profissional, que tamb\u00e9m [&hellip;]<\/p>\n","protected":false},"author":1,"featured_media":49477,"comment_status":"open","ping_status":"closed","sticky":false,"template":"","format":"standard","meta":{"amp_status":"","footnotes":""},"categories":[1236],"tags":[29233,29165,29166,6235,1804,29167,29169,29168,1403],"class_list":["post-49446","post","type-post","status-publish","format-standard","has-post-thumbnail","hentry","category-norte_de_minas","tag-bananeiras","tag-claudineia-rocha-bandeira","tag-everson-moura","tag-machado-mineiro","tag-ninheira","tag-professora-desaparece-em-ninheira","tag-professora-desaparece-misteriosamente-em-ninheira","tag-professora-desaparecida-em-ninheira","tag-sao-joao-do-paraiso"],"_links":{"self":[{"href":"https:\/\/aconteceunovale.com.br\/portal\/index.php?rest_route=\/wp\/v2\/posts\/49446","targetHints":{"allow":["GET"]}}],"collection":[{"href":"https:\/\/aconteceunovale.com.br\/portal\/index.php?rest_route=\/wp\/v2\/posts"}],"about":[{"href":"https:\/\/aconteceunovale.com.br\/portal\/index.php?rest_route=\/wp\/v2\/types\/post"}],"author":[{"embeddable":true,"href":"https:\/\/aconteceunovale.com.br\/portal\/index.php?rest_route=\/wp\/v2\/users\/1"}],"replies":[{"embeddable":true,"href":"https:\/\/aconteceunovale.com.br\/portal\/index.php?rest_route=%2Fwp%2Fv2%2Fcomments&post=49446"}],"version-history":[{"count":0,"href":"https:\/\/aconteceunovale.com.br\/portal\/index.php?rest_route=\/wp\/v2\/posts\/49446\/revisions"}],"wp:featuredmedia":[{"embeddable":true,"href":"https:\/\/aconteceunovale.com.br\/portal\/index.php?rest_route=\/wp\/v2\/media\/49477"}],"wp:attachment":[{"href":"https:\/\/aconteceunovale.com.br\/portal\/index.php?rest_route=%2Fwp%2Fv2%2Fmedia&parent=49446"}],"wp:term":[{"taxonomy":"category","embeddable":true,"href":"https:\/\/aconteceunovale.com.br\/portal\/index.php?rest_route=%2Fwp%2Fv2%2Fcategories&post=49446"},{"taxonomy":"post_tag","embeddable":true,"href":"https:\/\/aconteceunovale.com.br\/portal\/index.php?rest_route=%2Fwp%2Fv2%2Ftags&post=49446"}],"curies":[{"name":"wp","href":"https:\/\/api.w.org\/{rel}","templated":true}]}}