{"id":49442,"date":"2015-01-07T10:21:50","date_gmt":"2015-01-07T13:21:50","guid":{"rendered":"http:\/\/aconteceunovale.com.br\/portal\/?p=49442"},"modified":"2015-01-07T10:22:50","modified_gmt":"2015-01-07T13:22:50","slug":"cemig-alerta-sobre-as-descargas-atmosfericas-durante-o-periodo-chuvoso-em-minas-gerais","status":"publish","type":"post","link":"https:\/\/aconteceunovale.com.br\/portal\/?p=49442","title":{"rendered":"Cemig alerta sobre descargas atmosf\u00e9ricas durante o per\u00edodo chuvoso em Minas Gerais"},"content":{"rendered":"<h4><strong><em>De acordo com o Inpe, 130 pessoas morreram atingidas por descargas el\u00e9tricas em Minas Gerais entre 2000 e 2013. Cemig d\u00e1 dicas de seguran\u00e7a para a popula\u00e7\u00e3o.<\/em><\/strong><\/h4>\n<p>O aumento na incid\u00eancia de raios durante o per\u00edodo chuvoso, que se estende at\u00e9 abril, traz riscos \u00e0 seguran\u00e7a da popula\u00e7\u00e3o, principalmente durante as pancadas de ver\u00e3o, t\u00e3o comuns nesta \u00e9poca do ano. Por esse motivo, a Companhia Energ\u00e9tica de Minas Gerais (Cemig) alerta sobre esse tipo de acidente e ressalta os cuidados com os aparelhos eletroeletr\u00f4nicos durante as tempestades.<\/p>\n<p>Minas Gerais \u00e9 um dos locais que mais registram a ocorr\u00eancia de raios por ano. Atualmente, o Estado tem m\u00e9dia anual de 1,1 milh\u00e3o de descargas atmosf\u00e9ricas. Al\u00e9m disso, segundo dados do Instituto Nacional de Pesquisas Espaciais (INPE) aconteceram 130 mortes em Minas entre 2000 e 2013, n\u00famero menor apenas que o de S\u00e3o Paulo.<\/p>\n<p>De acordo com o meteorologista da Cemig, Arthur Chaves, Minas Gerais tem caracter\u00edsticas geogr\u00e1ficas e meteorol\u00f3gicas que justificam a grande incid\u00eancia de descargas atmosf\u00e9ricas.<\/p>\n<p>Ainda segundo o meteorologista, as regi\u00f5es do Estado mais atingidas como Sul de Minas, Zona da Mata e Regi\u00e3o Metropolitana de Belo Horizonte est\u00e3o sob o efeito de fen\u00f4menos meteorol\u00f3gicos como frentes frias e linhas de instabilidades \u2013 que provocam as \u201cchuvaradas\u201d, chuvas fortes de curta dura\u00e7\u00e3o e que podem provocar alagamentos \u2013, al\u00e9m da contribui\u00e7\u00e3o do relevo e da posi\u00e7\u00e3o geogr\u00e1fica que conforma o clima tropical. Destaca-se ainda o Oceano Atl\u00e2ntico como fornecedor de umidade para o Sul de Minas e Zona da Mata, proporcionando a forma\u00e7\u00e3o mais frequente de nuvens de chuva.<\/p>\n<p>O engenheiro de Tecnologia e Normaliza\u00e7\u00e3o da Cemig, Dem\u00e9trio Ven\u00edcio Aguiar, destaca alguns procedimentos b\u00e1sicos que devem ser adotados durante as tempestades. Segundo o especialista, todos os equipamentos el\u00e9tricos devem ser retirados das tomadas, evitando riscos de queima ou \u00e0 seguran\u00e7a das pessoas.<\/p>\n<p>\u201cApesar da rede el\u00e9trica possuir dispositivos de prote\u00e7\u00e3o contra sobretens\u00f5es, durante as chuvas o raio pode cair nos fios da rede el\u00e9trica e, apesar de remota, existe a possibilidade de chegar \u00e0s resid\u00eancias por meio da fia\u00e7\u00e3o, podendo atingir os aparelhos e at\u00e9 os moradores se estiverem em contato com eles\u201d, destaca.<\/p>\n<p>Outro ponto importante \u00e9 que, durante per\u00edodos de rajadas de ventos e descargas atmosf\u00e9ricas, as antenas de TV podem se desregular. \u201cSe isso acontecer, ningu\u00e9m deve subir nos telhados para ajust\u00e1-las, pelo risco de queda, de choque el\u00e9trico e de ser atingido por um raio\u201d, explica o engenheiro da Cemig.<\/p>\n<p>De acordo com o engenheiro, se houver a necessidade de utilizar o telefone durante as tempestades, a melhor op\u00e7\u00e3o \u00e9 o celular, desde que o aparelho n\u00e3o esteja plugado na tomada, ou o telefone sem fio. Por\u00e9m em ambos casos deve-se evitar a perman\u00eancia em lajes altas ou locais descampados, independentemente de estar ou n\u00e3o com os aparelhos.<\/p>\n<p>Dem\u00e9trio Aguiar alerta, ainda, para os danos que as descargas el\u00e9tricas podem provocar no corpo humano. \u201cO raio provoca queimaduras grav\u00edssimas e pode provocar parada cardiorrespirat\u00f3ria, que pode levar a pessoa \u00e0 morte\u2019, alerta.<\/p>\n<p>Uma das ocorr\u00eancias mais graves em redes de distribui\u00e7\u00e3o \u00e9 o fio partido, que acontece na maioria das vezes em dias de eventos clim\u00e1ticos de grande vulto, como tempestades ou ventanias. &#8220;Caso algu\u00e9m se depare com um cabo partido, \u00e9 imprescind\u00edvel que se mantenha distante do local, se poss\u00edvel n\u00e3o permitindo que outras pessoas se aproximem, e ligue imediatamente para o Fale com a Cemig, no telefone 116, que funciona 24 horas por dia.&#8221;<\/p>\n","protected":false},"excerpt":{"rendered":"<p>De acordo com o Inpe, 130 pessoas morreram atingidas por descargas el\u00e9tricas em Minas Gerais entre 2000 e 2013. Cemig d\u00e1 dicas de seguran\u00e7a para a popula\u00e7\u00e3o. O aumento na incid\u00eancia de raios durante o per\u00edodo chuvoso, que se estende at\u00e9 abril, traz riscos \u00e0 seguran\u00e7a da popula\u00e7\u00e3o, principalmente durante as pancadas de ver\u00e3o, t\u00e3o [&hellip;]<\/p>\n","protected":false},"author":1,"featured_media":49443,"comment_status":"open","ping_status":"closed","sticky":false,"template":"","format":"standard","meta":{"amp_status":"","footnotes":""},"categories":[123],"tags":[27346,347,29163,29164,18567,25641,29159,1018,27110,29161,29162,29160],"class_list":["post-49442","post","type-post","status-publish","format-standard","has-post-thumbnail","hentry","category-gerais","tag-arthur-chaves","tag-cemig","tag-cemig-alerta-sobre-as-descargas-atmosfericas-durante-o-periodo-chuvoso-em-minas-gerais","tag-cemig-alerta-sobre-descargas-atmosfericas-durante-o-periodo-chuvoso-em-minas-gerais","tag-companhia-energetica-de-minas-gerais","tag-demetrio-venicio-aguiar","tag-descargas-eletricas-em-minas-gerais","tag-destaque","tag-instituto-nacional-de-pesquisas-espaciais","tag-mortes-por-raios-em-minas-gerais","tag-ocorrencia-de-raios","tag-raios-em-minas-gerais"],"_links":{"self":[{"href":"https:\/\/aconteceunovale.com.br\/portal\/index.php?rest_route=\/wp\/v2\/posts\/49442","targetHints":{"allow":["GET"]}}],"collection":[{"href":"https:\/\/aconteceunovale.com.br\/portal\/index.php?rest_route=\/wp\/v2\/posts"}],"about":[{"href":"https:\/\/aconteceunovale.com.br\/portal\/index.php?rest_route=\/wp\/v2\/types\/post"}],"author":[{"embeddable":true,"href":"https:\/\/aconteceunovale.com.br\/portal\/index.php?rest_route=\/wp\/v2\/users\/1"}],"replies":[{"embeddable":true,"href":"https:\/\/aconteceunovale.com.br\/portal\/index.php?rest_route=%2Fwp%2Fv2%2Fcomments&post=49442"}],"version-history":[{"count":0,"href":"https:\/\/aconteceunovale.com.br\/portal\/index.php?rest_route=\/wp\/v2\/posts\/49442\/revisions"}],"wp:featuredmedia":[{"embeddable":true,"href":"https:\/\/aconteceunovale.com.br\/portal\/index.php?rest_route=\/wp\/v2\/media\/49443"}],"wp:attachment":[{"href":"https:\/\/aconteceunovale.com.br\/portal\/index.php?rest_route=%2Fwp%2Fv2%2Fmedia&parent=49442"}],"wp:term":[{"taxonomy":"category","embeddable":true,"href":"https:\/\/aconteceunovale.com.br\/portal\/index.php?rest_route=%2Fwp%2Fv2%2Fcategories&post=49442"},{"taxonomy":"post_tag","embeddable":true,"href":"https:\/\/aconteceunovale.com.br\/portal\/index.php?rest_route=%2Fwp%2Fv2%2Ftags&post=49442"}],"curies":[{"name":"wp","href":"https:\/\/api.w.org\/{rel}","templated":true}]}}