{"id":49419,"date":"2015-01-07T09:24:48","date_gmt":"2015-01-07T12:24:48","guid":{"rendered":"http:\/\/aconteceunovale.com.br\/portal\/?p=49419"},"modified":"2015-01-07T09:24:48","modified_gmt":"2015-01-07T12:24:48","slug":"previsao-do-tempo-para-minas-gerais-nesta-quarta-feira-7-de-janeiro","status":"publish","type":"post","link":"https:\/\/aconteceunovale.com.br\/portal\/?p=49419","title":{"rendered":"Previs\u00e3o do tempo para Minas Gerais nesta quarta-feira, 7 de janeiro"},"content":{"rendered":"<h4><em><strong>As temperaturas ficam est\u00e1veis e a m\u00e1xima prevista \u00e9 de 35\u00b0C no Norte de Minas<\/strong><\/em><\/h4>\n<p>Nesta quarta-feira, o tempo fica inst\u00e1vel com pancadas de chuva t\u00edpicas de ver\u00e3o na Zona da Mata, Campo das Vertentes, Sul, Oeste e Tri\u00e2ngulo. Nas demais localidades do Estado, uma massa de ar quente e relativamente seco deixa o tempo est\u00e1vel. <\/p>\n<p>As temperaturas ficam est\u00e1veis e a m\u00e1xima prevista \u00e9 de 35\u00b0C no Norte de Minas. Na capital mineira, o c\u00e9u fica claro a parcialmente nublado, e as temperaturas oscilam entre 17\u00b0C e 31\u00b0C.<\/p>\n","protected":false},"excerpt":{"rendered":"<p>As temperaturas ficam est\u00e1veis e a m\u00e1xima prevista \u00e9 de 35\u00b0C no Norte de Minas Nesta quarta-feira, o tempo fica inst\u00e1vel com pancadas de chuva t\u00edpicas de ver\u00e3o na Zona da Mata, Campo das Vertentes, Sul, Oeste e Tri\u00e2ngulo. Nas demais localidades do Estado, uma massa de ar quente e relativamente seco deixa o tempo [&hellip;]<\/p>\n","protected":false},"author":1,"featured_media":15765,"comment_status":"open","ping_status":"closed","sticky":false,"template":"","format":"standard","meta":{"amp_status":"","footnotes":""},"categories":[123],"tags":[1839,29094,29093],"class_list":["post-49419","post","type-post","status-publish","format-standard","has-post-thumbnail","hentry","category-gerais","tag-previsao-do-tempo-para-minas-gerais","tag-previsao-do-tempo-para-minas-gerais-nesta-quarta-feira","tag-previsao-do-tempo-para-minas-gerais-nesta-quarta-feira-7-de-janeiro"],"_links":{"self":[{"href":"https:\/\/aconteceunovale.com.br\/portal\/index.php?rest_route=\/wp\/v2\/posts\/49419","targetHints":{"allow":["GET"]}}],"collection":[{"href":"https:\/\/aconteceunovale.com.br\/portal\/index.php?rest_route=\/wp\/v2\/posts"}],"about":[{"href":"https:\/\/aconteceunovale.com.br\/portal\/index.php?rest_route=\/wp\/v2\/types\/post"}],"author":[{"embeddable":true,"href":"https:\/\/aconteceunovale.com.br\/portal\/index.php?rest_route=\/wp\/v2\/users\/1"}],"replies":[{"embeddable":true,"href":"https:\/\/aconteceunovale.com.br\/portal\/index.php?rest_route=%2Fwp%2Fv2%2Fcomments&post=49419"}],"version-history":[{"count":0,"href":"https:\/\/aconteceunovale.com.br\/portal\/index.php?rest_route=\/wp\/v2\/posts\/49419\/revisions"}],"wp:featuredmedia":[{"embeddable":true,"href":"https:\/\/aconteceunovale.com.br\/portal\/index.php?rest_route=\/wp\/v2\/media\/15765"}],"wp:attachment":[{"href":"https:\/\/aconteceunovale.com.br\/portal\/index.php?rest_route=%2Fwp%2Fv2%2Fmedia&parent=49419"}],"wp:term":[{"taxonomy":"category","embeddable":true,"href":"https:\/\/aconteceunovale.com.br\/portal\/index.php?rest_route=%2Fwp%2Fv2%2Fcategories&post=49419"},{"taxonomy":"post_tag","embeddable":true,"href":"https:\/\/aconteceunovale.com.br\/portal\/index.php?rest_route=%2Fwp%2Fv2%2Ftags&post=49419"}],"curies":[{"name":"wp","href":"https:\/\/api.w.org\/{rel}","templated":true}]}}