{"id":49417,"date":"2015-01-07T09:20:51","date_gmt":"2015-01-07T12:20:51","guid":{"rendered":"http:\/\/aconteceunovale.com.br\/portal\/?p=49417"},"modified":"2015-01-07T09:20:51","modified_gmt":"2015-01-07T12:20:51","slug":"cemig-realiza-obras-de-melhoria-na-rede-eletrica-de-governador-valadares-2","status":"publish","type":"post","link":"https:\/\/aconteceunovale.com.br\/portal\/?p=49417","title":{"rendered":"Cemig realiza obras de melhoria na rede el\u00e9trica de Governador Valadares"},"content":{"rendered":"<p>A Companhia Energ\u00e9tica de Minas Gerais (Cemig) informa que, visando assegurar a qualidade do servi\u00e7o prestado aos seus clientes, no pr\u00f3ximo domingo (11\/01), realizar\u00e1 mais uma etapa das obras de reforma e refor\u00e7o, somando um investimento de mais de R$ 500 mil reais na Rede de Distribui\u00e7\u00e3o Urbana \u2013 RDU de Governador Valadares.<\/p>\n<p>Cerca de 40 colaboradores, entre t\u00e9cnicos e eletricistas, estar\u00e3o trabalhando nessa obra que vai tornar a rede mais segura, garantindo uma maior confiabilidade no fornecimento de energia para a popula\u00e7\u00e3o, a ind\u00fastria e o com\u00e9rcio local, melhorando tamb\u00e9m a intera\u00e7\u00e3o com a arboriza\u00e7\u00e3o urbana e a polui\u00e7\u00e3o visual.<\/p>\n<p>Esse trabalho ser\u00e1 realizado durante o fim de semana, para minimizar o impacto da interrup\u00e7\u00e3o de energia para as atividades atingidas pelo desligamento.<\/p>\n<p>Para executar o servi\u00e7o com seguran\u00e7a, ser\u00e1 necess\u00e1rio interromper o fornecimento de energia de 7h \u00e0s 13h, nos seguintes endere\u00e7os:<\/p>\n<p>&#8211; Avenida Brasil, entre n\u00fameros 2759 e 3049<br \/>\n&#8211; Avenida Minas Gerais, entre n\u00fameros 100 e 200<br \/>\n&#8211; Rua Bar\u00e3o Rio Branco, entre n\u00fameros 4 e 168<br \/>\n&#8211; Rua Marechal Floriano, entre n\u00fameros 594 e 1274, Centro<\/p>\n<p>Durante esse per\u00edodo, caso precise executar algum servi\u00e7os na instala\u00e7\u00e3o el\u00e9trica interna, o consumidor dever\u00e1 desligar antes a chave geral (disjuntor) para sua seguran\u00e7a.<\/p>\n<p>Esclarecemos que em fun\u00e7\u00e3o da complexidade dos servi\u00e7os a serem executados poder\u00e1 ocorrer atraso no hor\u00e1rio previsto ou cancelamento deste desligamento sem aviso pr\u00e9vio. Por medida de seguran\u00e7a, todos os equipamentos devem ser considerados energizados durante o per\u00edodo mencionado. Caso os servi\u00e7os de melhoria sejam conclu\u00eddos antes do hor\u00e1rio indicado, o fornecimento de energia el\u00e9trica ser\u00e1 restabelecido.<\/p>\n","protected":false},"excerpt":{"rendered":"<p>A Companhia Energ\u00e9tica de Minas Gerais (Cemig) informa que, visando assegurar a qualidade do servi\u00e7o prestado aos seus clientes, no pr\u00f3ximo domingo (11\/01), realizar\u00e1 mais uma etapa das obras de reforma e refor\u00e7o, somando um investimento de mais de R$ 500 mil reais na Rede de Distribui\u00e7\u00e3o Urbana \u2013 RDU de Governador Valadares. Cerca de [&hellip;]<\/p>\n","protected":false},"author":1,"featured_media":35562,"comment_status":"open","ping_status":"closed","sticky":false,"template":"","format":"standard","meta":{"amp_status":"","footnotes":""},"categories":[121],"tags":[347,26291,18567,29091,29090,247,15873,29092,29089],"class_list":["post-49417","post","type-post","status-publish","format-standard","has-post-thumbnail","hentry","category-leste","tag-cemig","tag-cemig-realiza-obras-de-melhoria-na-rede-eletrica-de-governador-valadares","tag-companhia-energetica-de-minas-gerais","tag-corte-de-energia-em-governador-valadares","tag-falta-de-energia-em-governador-valadares","tag-governador-valadares","tag-obras-na-rede-eletrica-de-governador-valadares","tag-queda-de-energia-em-governador-valadares","tag-rede-eletrica-de-governador-valadares"],"_links":{"self":[{"href":"https:\/\/aconteceunovale.com.br\/portal\/index.php?rest_route=\/wp\/v2\/posts\/49417","targetHints":{"allow":["GET"]}}],"collection":[{"href":"https:\/\/aconteceunovale.com.br\/portal\/index.php?rest_route=\/wp\/v2\/posts"}],"about":[{"href":"https:\/\/aconteceunovale.com.br\/portal\/index.php?rest_route=\/wp\/v2\/types\/post"}],"author":[{"embeddable":true,"href":"https:\/\/aconteceunovale.com.br\/portal\/index.php?rest_route=\/wp\/v2\/users\/1"}],"replies":[{"embeddable":true,"href":"https:\/\/aconteceunovale.com.br\/portal\/index.php?rest_route=%2Fwp%2Fv2%2Fcomments&post=49417"}],"version-history":[{"count":0,"href":"https:\/\/aconteceunovale.com.br\/portal\/index.php?rest_route=\/wp\/v2\/posts\/49417\/revisions"}],"wp:featuredmedia":[{"embeddable":true,"href":"https:\/\/aconteceunovale.com.br\/portal\/index.php?rest_route=\/wp\/v2\/media\/35562"}],"wp:attachment":[{"href":"https:\/\/aconteceunovale.com.br\/portal\/index.php?rest_route=%2Fwp%2Fv2%2Fmedia&parent=49417"}],"wp:term":[{"taxonomy":"category","embeddable":true,"href":"https:\/\/aconteceunovale.com.br\/portal\/index.php?rest_route=%2Fwp%2Fv2%2Fcategories&post=49417"},{"taxonomy":"post_tag","embeddable":true,"href":"https:\/\/aconteceunovale.com.br\/portal\/index.php?rest_route=%2Fwp%2Fv2%2Ftags&post=49417"}],"curies":[{"name":"wp","href":"https:\/\/api.w.org\/{rel}","templated":true}]}}