{"id":49415,"date":"2015-01-07T09:17:35","date_gmt":"2015-01-07T12:17:35","guid":{"rendered":"http:\/\/aconteceunovale.com.br\/portal\/?p=49415"},"modified":"2015-01-07T09:17:35","modified_gmt":"2015-01-07T12:17:35","slug":"plantao-do-samu-no-norte-de-minas-gerais-06-de-janeiro-de-2015","status":"publish","type":"post","link":"https:\/\/aconteceunovale.com.br\/portal\/?p=49415","title":{"rendered":"Plant\u00e3o do Samu no Norte de Minas Gerais &#8211; 06 de janeiro de 2015"},"content":{"rendered":"<h4><em><strong>Ter\u00e7a-feira, 06 de janeiro de 2015<\/strong><\/em><\/h4>\n<p>A unidade do SAMU de Montes Claros realizou na ter\u00e7a-feira, 06\/01, 35 atendimentos, sendo 26 casos cl\u00ednicos, 6 em decorr\u00eancia de acidentes de tr\u00e2nsito; 01 por agress\u00e3o f\u00edsica, e uma crian\u00e7a de 12 anos mordida por cachorro.<\/p>\n<p>Por volta das 22h, a unidade do SAMU foi acionada para atendimento a uma adolescente de 15 anos que caiu de bicicleta na Rua M\u00e9xico, bairro Independ\u00eancia, ap\u00f3s sofrer uma convuls\u00e3o.<\/p>\n<p>\u00c0s 17h, um menino de 12 anos foi mordido por cachorro na rua A, bairro Jaragu\u00e1 II. Ele apresentava cortes pr\u00f3ximo \u00e0 axila direita e pr\u00f3ximo ao ouvido esquerdo.<\/p>\n<p>\u00c0s 14h36, o SAMU foi acionado para atendimento a um homem de 28 anos, que sofreu agress\u00e3o f\u00edsica no bairro Vera Cruz. Ele apresentava ferimentos na cabe\u00e7a e suspeita de fratura do bra\u00e7o esquerdo.<\/p>\n<p>\u00c0s 14h, um homem de 23 anos ficou ferido em uma colis\u00e3o entre duas motos ocorrida na Rua Pedra Azul, bairro S\u00e3o Judas II. Ele conduzia uma das motos e apresentava escoria\u00e7\u00f5es na regi\u00e3o p\u00e9lvica e no bra\u00e7o esquerdo e se queixava de dor no ombro esquerdo e nos joelhos. O condutor da outra moto nada sofreu.<\/p>\n<p>\u00c0s 14h10, um homem de 18 anos caiu de moto na Rua Duque de Caxias, bairro Santa Rita II, e apresentava corte contuso no tornozelo esquerdo, sem suspeita de fratura.<\/p>\n<p>Por volta das 11h30, um homem de 76 anos foi atropelado por carro na Rua Coronel Altino de Freitas, Centro. Ele apresentava escoria\u00e7\u00f5es no cotovelo direito e se queixava de dor em regi\u00e3o lombar.<\/p>\n<p>\u00c0s 8h45, o SAMU foi acionado para atendimento a um homem de 52 anos, que ficou ferido ap\u00f3s colidir de moto contra um carro na Rua Boa Esperan\u00e7a, bairro Sumar\u00e9. Ele conduzia a moto e apresentava escoria\u00e7\u00f5es nos bra\u00e7os e pernas.<\/p>\n<p>\u00c0s 8h45, um homem de 21 anos ficou ferido ap\u00f3s ser atropelado por um caminh\u00e3o na Avenida Deputado Pl\u00ednio Ribeiro, bairro jardim Palmeiras. Ele transitava de bicicleta, e ficou ferido na cabe\u00e7a, onde apresentava corte contuso, se queixava de dor nos ombros.<\/p>\n<p>Em todas as ocorr\u00eancias os feridos receberam os primeiros atendimentos no local e foram encaminhados ao hospital para avalia\u00e7\u00e3o.<\/p>\n","protected":false},"excerpt":{"rendered":"<p>Ter\u00e7a-feira, 06 de janeiro de 2015 A unidade do SAMU de Montes Claros realizou na ter\u00e7a-feira, 06\/01, 35 atendimentos, sendo 26 casos cl\u00ednicos, 6 em decorr\u00eancia de acidentes de tr\u00e2nsito; 01 por agress\u00e3o f\u00edsica, e uma crian\u00e7a de 12 anos mordida por cachorro. Por volta das 22h, a unidade do SAMU foi acionada para atendimento [&hellip;]<\/p>\n","protected":false},"author":1,"featured_media":46383,"comment_status":"open","ping_status":"closed","sticky":false,"template":"","format":"standard","meta":{"amp_status":"","footnotes":""},"categories":[1236],"tags":[13996,210,15754,19864,18108,29088,18629,21139,4040],"class_list":["post-49415","post","type-post","status-publish","format-standard","has-post-thumbnail","hentry","category-norte_de_minas","tag-atendimentos-do-samu-em-montes-claros","tag-montes-claros","tag-ocorrencias-do-samu-em-montes-claros","tag-plantao-do-samu-em-montes-claros","tag-plantao-do-samu-no-norte-de-minas-gerais","tag-plantao-do-samu-no-norte-de-minas-gerais-06-de-janeiro-de-2015","tag-samu-de-montes-claros","tag-samu-do-norte-de-minas","tag-samu-macro-norte"],"_links":{"self":[{"href":"https:\/\/aconteceunovale.com.br\/portal\/index.php?rest_route=\/wp\/v2\/posts\/49415","targetHints":{"allow":["GET"]}}],"collection":[{"href":"https:\/\/aconteceunovale.com.br\/portal\/index.php?rest_route=\/wp\/v2\/posts"}],"about":[{"href":"https:\/\/aconteceunovale.com.br\/portal\/index.php?rest_route=\/wp\/v2\/types\/post"}],"author":[{"embeddable":true,"href":"https:\/\/aconteceunovale.com.br\/portal\/index.php?rest_route=\/wp\/v2\/users\/1"}],"replies":[{"embeddable":true,"href":"https:\/\/aconteceunovale.com.br\/portal\/index.php?rest_route=%2Fwp%2Fv2%2Fcomments&post=49415"}],"version-history":[{"count":0,"href":"https:\/\/aconteceunovale.com.br\/portal\/index.php?rest_route=\/wp\/v2\/posts\/49415\/revisions"}],"wp:featuredmedia":[{"embeddable":true,"href":"https:\/\/aconteceunovale.com.br\/portal\/index.php?rest_route=\/wp\/v2\/media\/46383"}],"wp:attachment":[{"href":"https:\/\/aconteceunovale.com.br\/portal\/index.php?rest_route=%2Fwp%2Fv2%2Fmedia&parent=49415"}],"wp:term":[{"taxonomy":"category","embeddable":true,"href":"https:\/\/aconteceunovale.com.br\/portal\/index.php?rest_route=%2Fwp%2Fv2%2Fcategories&post=49415"},{"taxonomy":"post_tag","embeddable":true,"href":"https:\/\/aconteceunovale.com.br\/portal\/index.php?rest_route=%2Fwp%2Fv2%2Ftags&post=49415"}],"curies":[{"name":"wp","href":"https:\/\/api.w.org\/{rel}","templated":true}]}}