{"id":49401,"date":"2015-01-06T18:35:37","date_gmt":"2015-01-06T21:35:37","guid":{"rendered":"http:\/\/aconteceunovale.com.br\/portal\/?p=49401"},"modified":"2015-01-06T18:35:37","modified_gmt":"2015-01-06T21:35:37","slug":"governo-de-minas-confirma-pagamento-de-servidores-nesta-quinta-feira","status":"publish","type":"post","link":"https:\/\/aconteceunovale.com.br\/portal\/?p=49401","title":{"rendered":"Governo de Minas confirma pagamento de servidores nesta quinta-feira"},"content":{"rendered":"<h4><strong><em>A informa\u00e7\u00e3o partiu da Secretaria de Estado de Planejamento e Gest\u00e3o. Nesta ter\u00e7a (6), deputados de oposi\u00e7\u00e3o afirmaram que h\u00e1 dinheiro.<\/em><\/strong><\/h4>\n<p>O rec\u00e9m-eleito governo de Minas Gerais confirmou que o pagamento do funcionalismo p\u00fablico ser\u00e1 feito nesta quinta-feira (8). De acordo com nota divulgada na tarde desta ter\u00e7a (6) pela Secretaria de Estado de Planejamento e Gest\u00e3o, os sal\u00e1rios ser\u00e3o quitados no quinto dia \u00fatil do m\u00eas, como havia sendo feito pelo governo anterior.<\/p>\n<p>O an\u00fancio foi feito horas depois que deputados estaduais, agora da base de oposi\u00e7\u00e3o, afirmaram, em entrevista coletiva, que h\u00e1 dinheiro em caixa para realizar o pagamento dos servidores.<\/p>\n<h4>Funcionalismo p\u00fablico<\/h4>\n<p>Na \u00faltima quinta-feira (1), dia da posse do governador Fernando Pimentel (PT), o secret\u00e1rio de Estado de Planejamento e Gest\u00e3o Helv\u00e9cio Magalh\u00e3es afirmou que o governo n\u00e3o tem \u201cmais que R$ 700 milh\u00f5es em caixa\u201d. \u201cN\u00f3s temos uma folha de pagamento de quase R$ 2 bilh\u00f5es pra pagar na semana que vem. A not\u00edcia \u00e9 que n\u00f3s n\u00e3o temos mais do que R$ 700 milh\u00f5es em caixa, mas vamos verificar com calma\u201d, disse.<\/p>\n<p>J\u00e1 o ex-governador Alberto Pinto Coelho (PP) afirmou, em entrevista coletiva no dia 30 de dezembro, que h\u00e1 dinheiro suficiente para pagar os sal\u00e1rios do funcionalismo p\u00fablico em dezembro e em janeiro.<\/p>\n<p>Magalh\u00e3es falou que o pagamento dos funcion\u00e1rios p\u00fablicos seria prioridade neste primeiro momento. \u201cN\u00f3s queremos j\u00e1 aproveitar pra tranquilizar os servidores, a prioridade absoluta do governador Pimentel \u00e9 o pagamento da folha, na semana que vem, que \u00e9 quase R$ 2 bilh\u00f5es e n\u00e3o temos ainda os recursos em caixa\u201d, disse.<\/p>\n<p>Na ocasi\u00e3o, o governo de Minas enviou nota, informando que &#8220;as secretarias de Fazenda e de Planejamento e Gest\u00e3o est\u00e3o realizando todos os esfor\u00e7os para que o dep\u00f3sito seja realizado na data prevista&#8221;.<\/p>\n<p>A ex-secret\u00e1ria de Estado de Planejamento e Gest\u00e3o Renata Vilhena e o ex-secret\u00e1rio de Estado de Fazenda Leonardo Colombini chegaram a se pronunciar, por meio de nota, dizendo que a atual gest\u00e3o do governo estadual \u201cconta com recursos no valor de R$ 3,98 bilh\u00f5es, sendo R$2.236.170.926,03, de livre utiliza\u00e7\u00e3o, valor suficiente para quitar a folha do funcionalismo de dezembro\u201d. <\/p>\n<p><strong><em>(Fonte: Portal G1)<\/em><\/strong><\/p>\n","protected":false},"excerpt":{"rendered":"<p>A informa\u00e7\u00e3o partiu da Secretaria de Estado de Planejamento e Gest\u00e3o. Nesta ter\u00e7a (6), deputados de oposi\u00e7\u00e3o afirmaram que h\u00e1 dinheiro. O rec\u00e9m-eleito governo de Minas Gerais confirmou que o pagamento do funcionalismo p\u00fablico ser\u00e1 feito nesta quinta-feira (8). De acordo com nota divulgada na tarde desta ter\u00e7a (6) pela Secretaria de Estado de Planejamento [&hellip;]<\/p>\n","protected":false},"author":1,"featured_media":48937,"comment_status":"open","ping_status":"closed","sticky":false,"template":"","format":"standard","meta":{"amp_status":"","footnotes":""},"categories":[123],"tags":[29059,29060],"class_list":["post-49401","post","type-post","status-publish","format-standard","has-post-thumbnail","hentry","category-gerais","tag-governo-de-minas-confirma-pagamento-de-servidores-nesta-quinta-feira","tag-pagamento-dos-servidores-de-minas-gerais"],"_links":{"self":[{"href":"https:\/\/aconteceunovale.com.br\/portal\/index.php?rest_route=\/wp\/v2\/posts\/49401","targetHints":{"allow":["GET"]}}],"collection":[{"href":"https:\/\/aconteceunovale.com.br\/portal\/index.php?rest_route=\/wp\/v2\/posts"}],"about":[{"href":"https:\/\/aconteceunovale.com.br\/portal\/index.php?rest_route=\/wp\/v2\/types\/post"}],"author":[{"embeddable":true,"href":"https:\/\/aconteceunovale.com.br\/portal\/index.php?rest_route=\/wp\/v2\/users\/1"}],"replies":[{"embeddable":true,"href":"https:\/\/aconteceunovale.com.br\/portal\/index.php?rest_route=%2Fwp%2Fv2%2Fcomments&post=49401"}],"version-history":[{"count":0,"href":"https:\/\/aconteceunovale.com.br\/portal\/index.php?rest_route=\/wp\/v2\/posts\/49401\/revisions"}],"wp:featuredmedia":[{"embeddable":true,"href":"https:\/\/aconteceunovale.com.br\/portal\/index.php?rest_route=\/wp\/v2\/media\/48937"}],"wp:attachment":[{"href":"https:\/\/aconteceunovale.com.br\/portal\/index.php?rest_route=%2Fwp%2Fv2%2Fmedia&parent=49401"}],"wp:term":[{"taxonomy":"category","embeddable":true,"href":"https:\/\/aconteceunovale.com.br\/portal\/index.php?rest_route=%2Fwp%2Fv2%2Fcategories&post=49401"},{"taxonomy":"post_tag","embeddable":true,"href":"https:\/\/aconteceunovale.com.br\/portal\/index.php?rest_route=%2Fwp%2Fv2%2Ftags&post=49401"}],"curies":[{"name":"wp","href":"https:\/\/api.w.org\/{rel}","templated":true}]}}