{"id":49388,"date":"2015-01-06T16:54:06","date_gmt":"2015-01-06T19:54:06","guid":{"rendered":"http:\/\/aconteceunovale.com.br\/portal\/?p=49388"},"modified":"2015-01-07T18:20:04","modified_gmt":"2015-01-07T21:20:04","slug":"vereadores-rebatem-prefeito-e-fazem-graves-denuncias-envolvendo-a-administracao-de-capelinha","status":"publish","type":"post","link":"https:\/\/aconteceunovale.com.br\/portal\/?p=49388","title":{"rendered":"Vereadores rebatem prefeito e fazem graves den\u00fancias envolvendo a administra\u00e7\u00e3o de Capelinha"},"content":{"rendered":"<h4><strong><em>Prefeito rebateu nota divulgada ap\u00f3s reprova\u00e7\u00e3o de projeto e acusou vereadores de prejudicar os produtores rurais. Em r\u00e9plica, grupo de oposi\u00e7\u00e3o divulgou nota com graves den\u00fancias envolvendo a administra\u00e7\u00e3o.<\/em><\/strong><\/h4>\n<p>A reprova\u00e7\u00e3o do Projeto de Lei (PL) 064\/2014, esquentou os \u00e2nimos entre a Administra\u00e7\u00e3o Municipal de Capelinha e a bancada de oposi\u00e7\u00e3o na C\u00e2mara de Vereadores, composta por Cleuber Luiz de Miranda (PP), Luciano Rodrigues Ribeiro Macedo (PROS), Tadeu Filipe Fernandes de Abreu (SD), Jailson Pereira (PSD), Reomar Rodrigues Cordeiro (PTB), Gedalvo Fernandes de Ara\u00fajo (PPL) e Roberval Pimenta de Figueiredo (PDT).<\/p>\n<p>Ap\u00f3s a vota\u00e7\u00e3o contr\u00e1ria ao PL, que previa a subven\u00e7\u00e3o de financeira no valor de R$ 42 mil reais para a contrata\u00e7\u00e3o de funcion\u00e1rios e manuten\u00e7\u00e3o de um escrit\u00f3rio para assessoria aos presidentes de associa\u00e7\u00f5es rurais do munic\u00edpio, os vereadores divulgaram nota, no dia 22 de dezembro, justificando que a reprova\u00e7\u00e3o seria pelo fato do munic\u00edpio ter um Termo de Ajustamento de Conduta (TAC) junto ao Minist\u00e9rio P\u00fablico (MP) da comarca, que impede a contrata\u00e7\u00e3o sem concurso p\u00fablico. Os vereadores ainda informaram que o n\u00famero de funcion\u00e1rios lotados na Secretaria de Agricultura seria suficiente para fazer o trabalho, como era feito em administra\u00e7\u00f5es anteriores. (<a href=\"http:\/\/aconteceunovale.com.br\/portal\/wp-content\/uploads\/2015\/01\/nota_vereadores_22_12_14.pdf\" target=\"_blank\">Veja a nota completa aqui<\/a>).<\/p>\n<p><img decoding=\"async\" src=\"http:\/\/aconteceunovale.com.br\/portal\/wp-content\/uploads\/2015\/01\/bloco_oposicao_cap.jpg\" alt=\"\" \/><em>Vereadores do Bloco de oposi\u00e7\u00e3o na C\u00e2mara Municipal de Capelinha (OBS: o Vereador Roberval Pimenta, que integra o grupo n\u00e3o se encontra na bloco) &#8211; Foto: Divulga\u00e7\u00e3o<\/em><br \/>\n<\/br><\/p>\n<p>Em resposta aos vereadores, a assessoria de comunica\u00e7\u00e3o da Prefeitura de Capelinha, divulgou nota de esclarecimento no dia 3 de janeiro, em nome do prefeito Jos\u00e9 Ant\u00f4nio Alves de Souza (PMDB), Zezinho da Vitalina, rebatendo os parlamentares, mostrando os benef\u00edcios com a aprova\u00e7\u00e3o do PL e os acusando de prejudicar os produtores rurais com a reprova\u00e7\u00e3o do projeto.<\/p>\n<p>Segundo a Prefeitura, apesar de todos os benef\u00edcios descritos (<a href=\"http:\/\/aconteceunovale.com.br\/portal\/wp-content\/uploads\/2015\/01\/nota_prefeitura_3_01_15.pdf\" target=\"_blank\">clique aqui para ver a nota completa<\/a>), a n\u00e3o aprova\u00e7\u00e3o acabou prejudicando todas as associa\u00e7\u00f5es rurais e centenas de pequenos produtores de Capelinha, pois nem a prefeitura e muito menos a C\u00e2mara Municipal, tem o respaldo e legalidade para contratar servidores e disponibilizar ao Conselho ou para as associa\u00e7\u00f5es, sem lei que autorize a celebra\u00e7\u00e3o do conv\u00eanio.<\/p>\n<p>Ainda segundo a nota divulgada pela Prefeitura, a vota\u00e7\u00e3o contr\u00e1ria ao projeto seria simplesmente para fazer oposi\u00e7\u00e3o. <em>&#8220;Por fim, com estes esclarecimentos, a Prefeitura de Capelinha vem a p\u00fablico informar a todos que fazer oposi\u00e7\u00e3o faz parte da democracia, ser contra o prefeito e sua administra\u00e7\u00e3o tamb\u00e9m \u00e9 normal, mas fazer oposi\u00e7\u00e3o por oposi\u00e7\u00e3o, usando de argumentos que nada tem a ver com o objeto em quest\u00e3o, representa simples politicagem, que n\u00e3o contribui para a solu\u00e7\u00e3o dos problemas e ainda s\u00f3 serve para prejudicar toda a popula\u00e7\u00e3o.&#8221;<\/em>, informa a nota.<\/p>\n<p><img decoding=\"async\" src=\"http:\/\/aconteceunovale.com.br\/portal\/wp-content\/uploads\/2013\/11\/zezinho_da_vitalina.jpg\" alt=\"\" \/><em>Nota divulgada pelo prefeitura acusa vereadores de fazerem politicagem &#8211; Foto: Divulga\u00e7\u00e3o<\/em><br \/>\n<\/br><\/p>\n<p>A &#8220;novela&#8221; ganhou um novo cap\u00edtulo na tarde desta ter\u00e7a-feira, 6 de janeiro. Em resposta \u00e0s acusa\u00e7\u00f5es feitas pela administra\u00e7\u00e3o municipal, os vereadores do bloco de oposi\u00e7\u00e3o divulgaram nota para esclarecer os fatos e tornaram p\u00fablico v\u00e1rias acusa\u00e7\u00f5es de irregularidades na administra\u00e7\u00e3o do prefeito. Na nota, os parlamentares questionam sobre a interrup\u00e7\u00e3o do projeto de revitaliza\u00e7\u00e3o da Feira Livre, o atraso no pagamento de fornecedores e suspens\u00e3o do banco de alimentos, atraso no pagamento da ajuda de custo para os presidentes de associa\u00e7\u00f5es, a diferen\u00e7a exorbitante nos valores de subven\u00e7\u00f5es financeiras para dois asilos do munic\u00edpio e sobre a presta\u00e7\u00e3o de contas do Galp\u00e3o Cultural, inclusive mostrando uma nota de compra de bebidas assinada pelo filho do prefeito.<\/p>\n<p>O bloco de oposi\u00e7\u00e3o tamb\u00e9m acusou o prefeito de mentiras. Em um dos trechos da nota, \u00e9 citada a entrega de uma declara\u00e7\u00e3o ao Minist\u00e9rio P\u00fablico, em que o ent\u00e3o vereador Zezinho da Vitalina justifica di\u00e1rias do ano 2010 com um documento assinado pelo Deputado Neilando Pimenta, que na \u00e9poca ainda n\u00e3o exercia o cargo, visto que s\u00f3 tomou posse para o primeiro mandato no ano 2011.<\/p>\n<p>Ao final da nota, os vereadores tranquilizam os presidentes de associa\u00e7\u00f5es e garantem que o Balc\u00e3o Cidad\u00e3o da C\u00e2mara ir\u00e1 dar total apoio a eles, usando dos funcion\u00e1rios do seu quadro de pessoal, para resolu\u00e7\u00e3o da demanda necess\u00e1ria.<\/p>\n<p>Leia abaixo a nota divulgada na \u00edntegra:<\/p>\n<p><strong><em>Em resposta ao comunicado, que foi ao ar na r\u00e1dio Aran\u00e3s FM, assinado pelo Prefeito Municipal de Capelinha, Senhor Zezinho da Vitalina, os vereadores do bloco de oposi\u00e7\u00e3o na C\u00e2mara vem esclarecer os fatos e fazer novos questionamentos que merecem resposta tanto aos presidentes de associa\u00e7\u00f5es rurais quanto \u00e0 popula\u00e7\u00e3o em geral.<\/p>\n<p>Mais uma vez o Senhor Prefeito, se valendo da mentira, tenta denegrir a imagem dos vereadores no intuito de jogar a popula\u00e7\u00e3o contra os detentores do mandato legislativo. O que n\u00e3o \u00e9 de se estranhar porque a mentira tem sido a arma principal do Senhor Prefeito.<\/p>\n<p>Ao contr\u00e1rio do que diz a nota o vereador Laerte Barrinha n\u00e3o votou a favor do projeto que pretendia subvencionar o conselho das associa\u00e7\u00f5es rurais de Capelinha. E j\u00e1 que o assunto \u00e9 benef\u00edcio ao produtor rural aproveitamos para perguntar: J\u00e1 que o Senhor Prefeito quer tanto beneficiar os pequenos produtores, porque parou o projeto de revitaliza\u00e7\u00e3o da feira livre de Capelinha justamente no momento em que teria que retirar os produtos do Ceasa? Para beneficiar o companheiro Vereador Laerte Barrinha? Cumpra a lei Senhor Prefeito.<\/p>\n<p>Vamos ouvir o que o Senhor Prefeito Zezinho da Vitalina disse na tribuna da C\u00e2mara sobre os vereadores: (<a href=\"http:\/\/aconteceunovale.com.br\/portal\/wp-content\/uploads\/2015\/01\/audio_zezinho_da_vitalina.mp3\" target=\"_blank\">AUDIO \u2013 clique para ouvir<\/a>). <\/p>\n<p>Mudou de ideia dois dias depois e passou a demonizar os sete vereadores de oposi\u00e7\u00e3o Senhor Prefeito? Qual \u00e9 a verdade? A fala do Senhor na C\u00e2mara ou a nota veiculada na r\u00e1dio? Ainda na tribuna da C\u00e2mara afirmou estar em dia com os fornecedores da prefeitura. Mentira!<\/p>\n<p>Onde est\u00e1 a m\u00e1quina que \u00e9 da agricultura? O que foi feito da ajuda de custo dos presidentes das associa\u00e7\u00f5es que durante tr\u00eas meses foi retido para investimentos nas entidades?<\/p>\n<p>Se a sua administra\u00e7\u00e3o pensasse e priorizasse o fortalecimento do homem do campo n\u00e3o tinha ficado mais de um ano sem pagar os fornecedores do banco de alimentos e agora, h\u00e1 mais de um ano o programa est\u00e1 suspenso.<\/p>\n<p>Quanto a Secretaria de Agricultura \u00e9 sabido que a pr\u00f3pria administra\u00e7\u00e3o reconhece que falta compet\u00eancia para gerir a pasta, prova disso \u00e9 que a mesma foi oferecida a todo tempo ao Vereador Gedalvo no intuito de conseguir votos para a presid\u00eancia da C\u00e2mara.<\/p>\n<p>E a mentira tem sido t\u00e3o constante na vida p\u00fablica do Senhor Prefeito que recentemente o mesmo apresentou ao Minist\u00e9rio P\u00fablico uma declara\u00e7\u00e3o para justificar suas di\u00e1rias no ano de 2010 quando o mesmo era vereador, declara\u00e7\u00e3o esta assinada pelo Deputado Neilando Pimenta (<a href=\"http:\/\/aconteceunovale.com.br\/portal\/wp-content\/uploads\/2015\/01\/declaracao_zezinho_da_vitalina.pdf\" target=\"_blank\">Clique aqui para ler<\/a>) atestando que o ent\u00e3o vereador Zezinho da Vitalina esteve no seu gabinete em Belo Horizonte nos dias 13 e 14 de dezembro de 2010. Ora, mais uma mentira. O Deputado Neilando Pimenta tomou posse em 2011. Mentiu at\u00e9 perante o Minist\u00e9rio P\u00fablico.<\/p>\n<p>Ademais vimos informar Senhor Prefeito que os servi\u00e7os de apoio aos presidentes das associa\u00e7\u00f5es que a secretaria de agricultura mesmo tendo funcion\u00e1rios em excesso n\u00e3o faz, o Balc\u00e3o cidad\u00e3o da C\u00e2mara far\u00e1 sem precisar contratar, usando apenas os funcion\u00e1rios concursados do seu quadro de pessoal sem precisar fazer cabide de empregos para beneficiar apadrinhados pol\u00edticos.<\/p>\n<p>A verdade \u00e9 que com a perda da maioria na c\u00e2mara que tanto ocultava os fatos a coisa mudou. Os desvios e os desmandos que proporcionavam privil\u00e9gios acabaram.<\/p>\n<p>Mais problemas em subven\u00e7\u00f5es vir\u00e3o pela frente. J\u00e1 se encontram na C\u00e2mara v\u00e1rios projetos de subven\u00e7\u00f5es e apenas para citarmos dois: O Asilo de S\u00e3o Vicente com 41 idosos amparados seria subvencionado em 34.900 reais (<a href=\"http:\/\/aconteceunovale.com.br\/portal\/wp-content\/uploads\/2015\/01\/documentos_asilo_cap_1.pdf\" target=\"_blank\">clique aqui para ler<\/a>) e o Asilo Rosa Ferreira de Matos ligada ao Vereador Laerte Barrinha com apenas 16 idosos amparados receberia 99.900 reais (<a href=\"http:\/\/aconteceunovale.com.br\/portal\/wp-content\/uploads\/2015\/01\/documentos_asilo_cap_2.pdf\" target=\"_blank\">clique aqui para ler<\/a>). Est\u00e1 correto isso Senhor Prefeito?<\/p>\n<p>A presta\u00e7\u00e3o de contas do Galp\u00e3o Cultural na Festa do Capelinhense Ausente foi apresentada com nota de compras (<a href=\"http:\/\/aconteceunovale.com.br\/portal\/wp-content\/uploads\/2015\/01\/nota_galpao_cultural.pdf\" target=\"_blank\">clique aqui para ler<\/a>) em nome do filho do Senhor Prefeito. Isso expressa \u00e0 dificuldade da administra\u00e7\u00e3o Municipal em separar o p\u00fablico do particular. Prefeitura n\u00e3o \u00e9 a extens\u00e3o de nossa casa.<\/p>\n<p>Afirmar em nota que os vereadores do bloco de oposi\u00e7\u00e3o est\u00e3o fazendo oposi\u00e7\u00e3o por oposi\u00e7\u00e3o \u00e9 apenas uma forma de se esquivar da fiscaliza\u00e7\u00e3o implac\u00e1vel que os vereadores no uso de suas atribui\u00e7\u00f5es concedidas pelo povo nas urnas v\u00eam fazendo. V\u00e1rias s\u00e3o as den\u00fancias no minist\u00e9rio p\u00fablico e o trabalho vai continuar. \u00c9 preciso fechar as torneiras que fazem desaguar o dinheiro p\u00fablico para o deleite de alguns. Dinheiro p\u00fablico \u00e9 para as demandas p\u00fablicas.<\/p>\n<p>Repetimos: Os presidentes das associa\u00e7\u00f5es podem ficar tranquilos que o Balc\u00e3o cidad\u00e3o da C\u00e2mara ir\u00e1 dar total apoio a eles usando dos funcion\u00e1rios do seu quadro de pessoal.<\/p>\n<p>Assinam a nota: Cleuber Luiz de Miranda (PP), Luciano Rodrigues Ribeiro Macedo (PROS), Tadeu Filipe Fernandes de Abreu (SD), Jailson Pereira (PSD), Reomar Rodrigues Cordeiro (PTB), Gedalvo Fernandes de Ara\u00fajo (PPL) e Roberval Pimenta de Figueiredo (PDT).<\/em><\/strong><\/p>\n<p>O portal Aconteceu no Vale \u00e9 um meio de comunica\u00e7\u00e3o imparcial e sem v\u00ednculos pol\u00edticos com oposi\u00e7\u00e3o ou situa\u00e7\u00e3o. Sendo assim, disponibilizamos o espa\u00e7o para que, caso julgue necess\u00e1rio, o prefeito de Capelinha esclare\u00e7a sobre a nota de esclarecimento publicada acima.<\/p>\n<p><em>*Os documentos divulgados nesta publica\u00e7\u00e3o foram disponibilizados ao Portal Aconteceu no Vale pelos vereadores Jailson Pereira e Luciano Macedo.<\/em><\/p>\n","protected":false},"excerpt":{"rendered":"<p>Prefeito rebateu nota divulgada ap\u00f3s reprova\u00e7\u00e3o de projeto e acusou vereadores de prejudicar os produtores rurais. Em r\u00e9plica, grupo de oposi\u00e7\u00e3o divulgou nota com graves den\u00fancias envolvendo a administra\u00e7\u00e3o. A reprova\u00e7\u00e3o do Projeto de Lei (PL) 064\/2014, esquentou os \u00e2nimos entre a Administra\u00e7\u00e3o Municipal de Capelinha e a bancada de oposi\u00e7\u00e3o na C\u00e2mara de Vereadores, [&hellip;]<\/p>\n","protected":false},"author":1,"featured_media":49396,"comment_status":"open","ping_status":"closed","sticky":false,"template":"","format":"standard","meta":{"amp_status":"","footnotes":""},"categories":[120],"tags":[29050,29051,132,23262,29056,29055,29054,1018,29052,23265,15438,23264,17615,29049,29048,23260,29053,23263,29047,15437],"class_list":["post-49388","post","type-post","status-publish","format-standard","has-post-thumbnail","hentry","category-jequi","tag-administracao-municipal-de-capelinha","tag-bancada-de-oposicao-na-camara-de-vereadores-de-capelinha","tag-capelinha","tag-cleuber-luiz-de-miranda","tag-denuncias-contra-prefeito-de-capelinha","tag-denuncias-contra-zezinho-da-vitalina","tag-deputado-neilando-pimenta","tag-destaque","tag-gedalvo-fernandes-de-araujo","tag-jailson-pereira","tag-jose-antonio-alves-de-souza","tag-luciano-rodrigues-ribeiro-macedo","tag-neilando-pimenta","tag-pl-0642014","tag-projeto-de-lei-0642014","tag-reomar-rodrigues-cordeiro","tag-roberval-pimenta-de-figueiredo","tag-tadeu-filipe-fernandes-de-abreu","tag-vereadores-rebatem-prefeito-e-fazem-graves-denuncias-envolvendo-a-administracao-de-capelinha","tag-zezinho-da-vitalina"],"_links":{"self":[{"href":"https:\/\/aconteceunovale.com.br\/portal\/index.php?rest_route=\/wp\/v2\/posts\/49388","targetHints":{"allow":["GET"]}}],"collection":[{"href":"https:\/\/aconteceunovale.com.br\/portal\/index.php?rest_route=\/wp\/v2\/posts"}],"about":[{"href":"https:\/\/aconteceunovale.com.br\/portal\/index.php?rest_route=\/wp\/v2\/types\/post"}],"author":[{"embeddable":true,"href":"https:\/\/aconteceunovale.com.br\/portal\/index.php?rest_route=\/wp\/v2\/users\/1"}],"replies":[{"embeddable":true,"href":"https:\/\/aconteceunovale.com.br\/portal\/index.php?rest_route=%2Fwp%2Fv2%2Fcomments&post=49388"}],"version-history":[{"count":0,"href":"https:\/\/aconteceunovale.com.br\/portal\/index.php?rest_route=\/wp\/v2\/posts\/49388\/revisions"}],"wp:featuredmedia":[{"embeddable":true,"href":"https:\/\/aconteceunovale.com.br\/portal\/index.php?rest_route=\/wp\/v2\/media\/49396"}],"wp:attachment":[{"href":"https:\/\/aconteceunovale.com.br\/portal\/index.php?rest_route=%2Fwp%2Fv2%2Fmedia&parent=49388"}],"wp:term":[{"taxonomy":"category","embeddable":true,"href":"https:\/\/aconteceunovale.com.br\/portal\/index.php?rest_route=%2Fwp%2Fv2%2Fcategories&post=49388"},{"taxonomy":"post_tag","embeddable":true,"href":"https:\/\/aconteceunovale.com.br\/portal\/index.php?rest_route=%2Fwp%2Fv2%2Ftags&post=49388"}],"curies":[{"name":"wp","href":"https:\/\/api.w.org\/{rel}","templated":true}]}}