{"id":49386,"date":"2015-01-06T15:12:41","date_gmt":"2015-01-06T18:12:41","guid":{"rendered":"http:\/\/aconteceunovale.com.br\/portal\/?p=49386"},"modified":"2015-01-06T15:12:41","modified_gmt":"2015-01-06T18:12:41","slug":"pm-de-capelinha-prende-homem-que-pretendia-viajar-para-bh-com-arma-de-fogo","status":"publish","type":"post","link":"https:\/\/aconteceunovale.com.br\/portal\/?p=49386","title":{"rendered":"PM de Capelinha prende homem que pretendia viajar para BH com arma de fogo"},"content":{"rendered":"<h4><strong><em>Suspeito foi monitorado ap\u00f3s den\u00fancia an\u00f4nima. Durante buscas, militares encontraram um rev\u00f3lver calibre 38.<\/em><\/strong><\/h4>\n<p>Um homem foi preso na noite dessa segunda-feira, 5 de janeiro, por porte ilegal de arma de fogo em Capelinha, no Vale do Jequitinhonha. De acordo com a Pol\u00edcia Militar, ap\u00f3s uma den\u00fancia an\u00f4nima atrav\u00e9s do 181 (Disque Den\u00fancia) dando conta que um indiv\u00edduo estaria deslocando com armas para Belo Horizonte, policiais iniciaram monitoramento e abordaram o suspeito nas imedia\u00e7\u00f5es da rodovi\u00e1ria, em um ve\u00edculo Parati.<\/p>\n<p>Ainda segundo a PM, o autor estava na companhia de outro homem, condutor do ve\u00edculo, com quem ele teria pegado uma carona. Durante buscas, o SD Andr\u00e9 Porto, localizou dentro de uma bolsa, um rev\u00f3lver calibre 38, desmuniciado, al\u00e9m da quantia de R$ 1.650,00. <\/p>\n<p>Diante dos fatos, autor e coautor, juntamente com o material apreendido, foram conduzidos a Delegacia de Pol\u00edcia para demais provid\u00eancias. O ve\u00edculo foi removido para um p\u00e1tio credenciado.<\/p>\n","protected":false},"excerpt":{"rendered":"<p>Suspeito foi monitorado ap\u00f3s den\u00fancia an\u00f4nima. Durante buscas, militares encontraram um rev\u00f3lver calibre 38. Um homem foi preso na noite dessa segunda-feira, 5 de janeiro, por porte ilegal de arma de fogo em Capelinha, no Vale do Jequitinhonha. De acordo com a Pol\u00edcia Militar, ap\u00f3s uma den\u00fancia an\u00f4nima atrav\u00e9s do 181 (Disque Den\u00fancia) dando conta [&hellip;]<\/p>\n","protected":false},"author":1,"featured_media":42404,"comment_status":"open","ping_status":"closed","sticky":false,"template":"","format":"standard","meta":{"amp_status":"","footnotes":""},"categories":[120],"tags":[132,29045,29044,29046],"class_list":["post-49386","post","type-post","status-publish","format-standard","has-post-thumbnail","hentry","category-jequi","tag-capelinha","tag-pm-de-capelinha","tag-pm-de-capelinha-prende-homem-que-pretendia-viajar-para-bh-com-arma-de-fogo","tag-preso-em-capelinha"],"_links":{"self":[{"href":"https:\/\/aconteceunovale.com.br\/portal\/index.php?rest_route=\/wp\/v2\/posts\/49386","targetHints":{"allow":["GET"]}}],"collection":[{"href":"https:\/\/aconteceunovale.com.br\/portal\/index.php?rest_route=\/wp\/v2\/posts"}],"about":[{"href":"https:\/\/aconteceunovale.com.br\/portal\/index.php?rest_route=\/wp\/v2\/types\/post"}],"author":[{"embeddable":true,"href":"https:\/\/aconteceunovale.com.br\/portal\/index.php?rest_route=\/wp\/v2\/users\/1"}],"replies":[{"embeddable":true,"href":"https:\/\/aconteceunovale.com.br\/portal\/index.php?rest_route=%2Fwp%2Fv2%2Fcomments&post=49386"}],"version-history":[{"count":0,"href":"https:\/\/aconteceunovale.com.br\/portal\/index.php?rest_route=\/wp\/v2\/posts\/49386\/revisions"}],"wp:featuredmedia":[{"embeddable":true,"href":"https:\/\/aconteceunovale.com.br\/portal\/index.php?rest_route=\/wp\/v2\/media\/42404"}],"wp:attachment":[{"href":"https:\/\/aconteceunovale.com.br\/portal\/index.php?rest_route=%2Fwp%2Fv2%2Fmedia&parent=49386"}],"wp:term":[{"taxonomy":"category","embeddable":true,"href":"https:\/\/aconteceunovale.com.br\/portal\/index.php?rest_route=%2Fwp%2Fv2%2Fcategories&post=49386"},{"taxonomy":"post_tag","embeddable":true,"href":"https:\/\/aconteceunovale.com.br\/portal\/index.php?rest_route=%2Fwp%2Fv2%2Ftags&post=49386"}],"curies":[{"name":"wp","href":"https:\/\/api.w.org\/{rel}","templated":true}]}}