{"id":49376,"date":"2015-01-06T12:43:29","date_gmt":"2015-01-06T15:43:29","guid":{"rendered":"http:\/\/aconteceunovale.com.br\/portal\/?p=49376"},"modified":"2015-01-06T12:43:29","modified_gmt":"2015-01-06T15:43:29","slug":"micro-e-pequenas-empresas-tem-ate-o-dia-30-para-aderir-ao-simples-nacional","status":"publish","type":"post","link":"https:\/\/aconteceunovale.com.br\/portal\/?p=49376","title":{"rendered":"Micro e pequenas empresas t\u00eam at\u00e9 o dia 30 para aderir ao Simples Nacional"},"content":{"rendered":"<p>As micro e pequenas empresas que quiserem aderir ao novo Simples Nacional ter\u00e3o at\u00e9 o pr\u00f3ximo dia 30 para fazer o pedido. Criado em 2006, o programa possibilita o pagamento de at\u00e9 oito tributos federais em apenas uma guia, podendo reduzir em at\u00e9 40% o imposto .<\/p>\n<p>O Simples Nacional ou Supersimples \u00e9 destinado ao micro e pequeno empres\u00e1rio que fatura at\u00e9 R$ 3,6 milh\u00f5es por ano. Este ano, uma mudan\u00e7a nas regras estendeu o benef\u00edcio para 142 categorias, como engenheiros, m\u00e9dicos, advogados, odont\u00f3logos, jornalistas, corretores, arquitetos, veterin\u00e1rios, psic\u00f3logos, profissionais de terapia ocupacional, acupuntura, podologia e fonoaudiologia.<\/p>\n<p>A data de 30 de janeiro \u00e9 destinada \u00e0s empresas que j\u00e1 est\u00e3o em atividade. Para as empresas em in\u00edcio de atividade, o prazo para solicita\u00e7\u00e3o de op\u00e7\u00e3o \u00e9 30 dias contados do \u00faltimo deferimento de inscri\u00e7\u00e3o (municipal ou estadual, caso exig\u00edveis), desde que n\u00e3o tenham decorridos 180 dias da data de abertura constante do Cadastro Nacional da Pessoa Jur\u00eddica (CNPJ). Quando aceita, a op\u00e7\u00e3o produz efeitos a partir da data da abertura do CNPJ. Ap\u00f3s esse prazo, a op\u00e7\u00e3o somente ser\u00e1 poss\u00edvel no m\u00eas de janeiro do ano-calend\u00e1rio seguinte.<\/p>\n<p>A ades\u00e3o deve ser feita no\u00a0<a href=\"http:\/\/http\/\/www8.receita.fazenda.gov.br\/SIMPLESNACIONAL\/Servicos\/Grupo.aspx?grp=4\">portal do Simples Nacional<\/a>. Durante o per\u00edodo da op\u00e7\u00e3o, \u00e9 poss\u00edvel fazer a regulariza\u00e7\u00e3o de eventuais pend\u00eancias que impe\u00e7am o ingresso no Simples Nacional. Tamb\u00e9m \u00e9 permitido o cancelamento da solicita\u00e7\u00e3o. (Ag\u00eancia Brasil)<\/p>\n","protected":false},"excerpt":{"rendered":"<p>As micro e pequenas empresas que quiserem aderir ao novo Simples Nacional ter\u00e3o at\u00e9 o pr\u00f3ximo dia 30 para fazer o pedido. Criado em 2006, o programa possibilita o pagamento de at\u00e9 oito tributos federais em apenas uma guia, podendo reduzir em at\u00e9 40% o imposto . O Simples Nacional ou Supersimples \u00e9 destinado ao [&hellip;]<\/p>\n","protected":false},"author":1,"featured_media":49377,"comment_status":"open","ping_status":"closed","sticky":false,"template":"","format":"standard","meta":{"amp_status":"","footnotes":""},"categories":[6],"tags":[29022,29023,29026,29020,29021,29024,29025,29027,20860,29019,28130,28561],"class_list":["post-49376","post","type-post","status-publish","format-standard","has-post-thumbnail","hentry","category-br","tag-aderir-ao-simples-nacional","tag-aderir-ao-supersimples","tag-adesao","tag-adesao-ao-simples-nacional","tag-adesao-ao-supersimples","tag-cadastro-nacional-da-pessoa-juridica","tag-cnpj","tag-empresario","tag-empresas","tag-micro-e-pequenas-empresas-tem-ate-o-dia-30-para-aderir-ao-simples-nacional","tag-simples-nacional","tag-supersimples"],"_links":{"self":[{"href":"https:\/\/aconteceunovale.com.br\/portal\/index.php?rest_route=\/wp\/v2\/posts\/49376","targetHints":{"allow":["GET"]}}],"collection":[{"href":"https:\/\/aconteceunovale.com.br\/portal\/index.php?rest_route=\/wp\/v2\/posts"}],"about":[{"href":"https:\/\/aconteceunovale.com.br\/portal\/index.php?rest_route=\/wp\/v2\/types\/post"}],"author":[{"embeddable":true,"href":"https:\/\/aconteceunovale.com.br\/portal\/index.php?rest_route=\/wp\/v2\/users\/1"}],"replies":[{"embeddable":true,"href":"https:\/\/aconteceunovale.com.br\/portal\/index.php?rest_route=%2Fwp%2Fv2%2Fcomments&post=49376"}],"version-history":[{"count":0,"href":"https:\/\/aconteceunovale.com.br\/portal\/index.php?rest_route=\/wp\/v2\/posts\/49376\/revisions"}],"wp:featuredmedia":[{"embeddable":true,"href":"https:\/\/aconteceunovale.com.br\/portal\/index.php?rest_route=\/wp\/v2\/media\/49377"}],"wp:attachment":[{"href":"https:\/\/aconteceunovale.com.br\/portal\/index.php?rest_route=%2Fwp%2Fv2%2Fmedia&parent=49376"}],"wp:term":[{"taxonomy":"category","embeddable":true,"href":"https:\/\/aconteceunovale.com.br\/portal\/index.php?rest_route=%2Fwp%2Fv2%2Fcategories&post=49376"},{"taxonomy":"post_tag","embeddable":true,"href":"https:\/\/aconteceunovale.com.br\/portal\/index.php?rest_route=%2Fwp%2Fv2%2Ftags&post=49376"}],"curies":[{"name":"wp","href":"https:\/\/api.w.org\/{rel}","templated":true}]}}