{"id":49374,"date":"2015-01-06T12:35:34","date_gmt":"2015-01-06T15:35:34","guid":{"rendered":"http:\/\/aconteceunovale.com.br\/portal\/?p=49374"},"modified":"2015-01-06T12:35:34","modified_gmt":"2015-01-06T15:35:34","slug":"mortes-em-acidentes-de-transito-abalam-moradores-de-distrito-do-norte-de-minas","status":"publish","type":"post","link":"https:\/\/aconteceunovale.com.br\/portal\/?p=49374","title":{"rendered":"Mortes em acidentes de tr\u00e2nsito abalam moradores de distrito do Norte de Minas"},"content":{"rendered":"<h4><strong><em>Em pouco mais de seis meses, aconteceram dois acidentes na BR 251, que resultaram em oito mortos, tendo como vitimas moradores de Catuni.<\/em><\/strong><\/h4>\n<p>As mortes no tr\u00e2nsito abalaram o distrito de Catuni, no munic\u00edpio de Francisco S\u00e1 (Norte de Minas). Em pouco mais de seis meses, aconteceram dois acidentes na BR-251, que resultaram em oito mortos, tendo como vitimas moradores de Catuni, que possui cerca de 1 mil habitantes. No lugarejo, inclusive, existem poucos carros.<\/p>\n<p><img decoding=\"async\" src=\"http:\/\/aconteceunovale.com.br\/portal\/wp-content\/uploads\/2015\/01\/acidente_fs_5_1.jpg\" alt=\"\" \/><em>Carro capotou entre os munic\u00edpios de Francisco S\u00e1 e Montes Claros (Foto: Nat\u00e1lia Jael \/ Inter TV)<\/em><br \/>\n<\/br><\/p>\n<p>Na manh\u00e3 de segunda-feira, quatro pessoas morreram e duas ficaram feridas em acidente na BR-251, entre Francisco S\u00e1 e Montes Claros. Entre os mortos, duas crian\u00e7as do distrito de Francisco S\u00e1. Em junho de 2014, em outro acidente no mesmo trecho da rodovia, morreram quatro pessoas que tamb\u00e9m moravam na regi\u00e3o de Catuni. <\/p>\n<p>O mestre de obras Nivaldo Ferreira da Cruz, de 34 anos, viajou para Catuni para passar o fim de ano com a fam\u00edlia. Na madrugada de segunda-feira, pegou a estrada em dire\u00e7\u00e3o a Montes Claros, onde morava e trabalhava. Conforme informa\u00e7\u00f5es da Policia Rodovi\u00e1ria Federal, no Km 502 da BR 251, pr\u00f3ximo ao trevo que d\u00e1 acesso a Jana\u00faba (MG 122), Nivaldo perdeu o controle da dire\u00e7\u00e3o do ve\u00edculo, um Fiat Uno. O carro saiu desgovernado, capotou e bateu numa pedra, ficando 30 metros distante da pista.<\/p>\n<p>Morreram na hora o condutor e duas crian\u00e7as que estavam no ve\u00edculo: Nat\u00e1lia Soares da Silva, de 10 anos, e  Edlson Neves da Silva Junior, de 11. A passageira Aline Aparecida Silva Santos, de 22, foi socorrida por uma equipe do Servi\u00e7o Atendimento M\u00f3vel de Urg\u00eancia (Samu) e atendida na Santa Casa de Montes Claros, mas morreu logo depois de dar entrada na unidade.<\/p>\n<p>A m\u00e3e das crian\u00e7as (e companheira de Nivaldo) Sinthya Fabiana Soares Martins, de 31, ficou ferida e foi levada para o mesmo hospital, juntamente com o passageiro Hilian Ricardo Pereira Alves, de 18. O quadro deles \u00e9 est\u00e1vel. O corpo de Nivaldo ser\u00e1 sepultado nesta ter\u00e7a-feira em Catuni enquanto o sepultamento das duas crian\u00e7as acontecer\u00e1 em Arinos (Noroeste do estado). J\u00e1 o corpo de Aline Aparecida ser\u00e1 enterrado na comunidade de Tr\u00eas Barras, no munic\u00edpio de Riacho dos Machados.<\/p>\n<p>Em 16 de junho de 2014, tamb\u00e9m na manh\u00e3 de uma segunda-feira, quatro moradores das localidade rural de Varginha, a tr\u00eas quil\u00f4metros de Catuni, morreram na BR-251, quando o Gol que viajavam, foi atingido por uma carreta, cujo condutor, Leonel Zatorkki, de 31, estava alcoolizado \u2013 segundo a PRF. Morreram no desastre Geraldo Rodrigues de Brito, de 36, Marizete de F\u00e1tima Colares Santos, de 44; Jos\u00e9 Rodrigues da Silva, de 68; e Joaquina Alves da Silva, de 67.<\/p>\n<p>Na ocasi\u00e3o, Catuni viveu um clima de muito consterna\u00e7\u00e3o, o que voltou a se repetir ontem. \u201cRealmente, o pessoal aqui ficou muito chocado\u201d, declarou o produtor rural Jos\u00e9 Ata\u00edde Ferreira, morador do lugarejo e tio de Nivaldo Ferreira da Cruz.<\/p>\n<p><strong><em>(Estado de Minas)<\/em><\/strong><\/p>\n","protected":false},"excerpt":{"rendered":"<p>Em pouco mais de seis meses, aconteceram dois acidentes na BR 251, que resultaram em oito mortos, tendo como vitimas moradores de Catuni. As mortes no tr\u00e2nsito abalaram o distrito de Catuni, no munic\u00edpio de Francisco S\u00e1 (Norte de Minas). Em pouco mais de seis meses, aconteceram dois acidentes na BR-251, que resultaram em oito [&hellip;]<\/p>\n","protected":false},"author":1,"featured_media":49236,"comment_status":"open","ping_status":"closed","sticky":false,"template":"","format":"standard","meta":{"amp_status":"","footnotes":""},"categories":[1236],"tags":[28857,253,28856,29016,1395,9105,28886,204,9126,29018,9107,29017,9106,210,29011,29014,29013,29012,29015,28883,1807,28887],"class_list":["post-49374","post","type-post","status-publish","format-standard","has-post-thumbnail","hentry","category-norte_de_minas","tag-aline-aparecida-silva-santos","tag-arinos","tag-catuni","tag-edlson-neves-da-silva-junior","tag-francisco-sa","tag-geraldo-rodrigues-de-brito","tag-hilian-ricardo-pereira-alves","tag-janauba","tag-joaquina-alves-da-silva","tag-jose-ataide-ferreira","tag-jose-rodrigues-da-silva","tag-leonel-zatorkki","tag-marizete-de-fatima-colares-santos","tag-montes-claros","tag-mortes-em-acidente-de-transito-abalam-moradores-de-distrito-do-norte-de-minas","tag-mortes-em-acidentes-de-transito-abalam-moradores-de-catuni","tag-mortes-em-acidentes-de-transito-abalam-moradores-de-distrito-de-catuni","tag-mortes-em-acidentes-de-transito-abalam-moradores-de-distrito-do-norte-de-minas","tag-natalia-soares-da-silva","tag-nivaldo-ferreira-da-cruz","tag-riacho-dos-machados","tag-sinthya-fabiana-soares-martins"],"_links":{"self":[{"href":"https:\/\/aconteceunovale.com.br\/portal\/index.php?rest_route=\/wp\/v2\/posts\/49374","targetHints":{"allow":["GET"]}}],"collection":[{"href":"https:\/\/aconteceunovale.com.br\/portal\/index.php?rest_route=\/wp\/v2\/posts"}],"about":[{"href":"https:\/\/aconteceunovale.com.br\/portal\/index.php?rest_route=\/wp\/v2\/types\/post"}],"author":[{"embeddable":true,"href":"https:\/\/aconteceunovale.com.br\/portal\/index.php?rest_route=\/wp\/v2\/users\/1"}],"replies":[{"embeddable":true,"href":"https:\/\/aconteceunovale.com.br\/portal\/index.php?rest_route=%2Fwp%2Fv2%2Fcomments&post=49374"}],"version-history":[{"count":0,"href":"https:\/\/aconteceunovale.com.br\/portal\/index.php?rest_route=\/wp\/v2\/posts\/49374\/revisions"}],"wp:featuredmedia":[{"embeddable":true,"href":"https:\/\/aconteceunovale.com.br\/portal\/index.php?rest_route=\/wp\/v2\/media\/49236"}],"wp:attachment":[{"href":"https:\/\/aconteceunovale.com.br\/portal\/index.php?rest_route=%2Fwp%2Fv2%2Fmedia&parent=49374"}],"wp:term":[{"taxonomy":"category","embeddable":true,"href":"https:\/\/aconteceunovale.com.br\/portal\/index.php?rest_route=%2Fwp%2Fv2%2Fcategories&post=49374"},{"taxonomy":"post_tag","embeddable":true,"href":"https:\/\/aconteceunovale.com.br\/portal\/index.php?rest_route=%2Fwp%2Fv2%2Ftags&post=49374"}],"curies":[{"name":"wp","href":"https:\/\/api.w.org\/{rel}","templated":true}]}}