{"id":49362,"date":"2015-01-06T11:13:01","date_gmt":"2015-01-06T14:13:01","guid":{"rendered":"http:\/\/aconteceunovale.com.br\/portal\/?p=49362"},"modified":"2015-01-06T11:13:01","modified_gmt":"2015-01-06T14:13:01","slug":"dor-e-revolta-marcam-sepultamento-de-adolescentes-que-se-afogaram-em-itinga","status":"publish","type":"post","link":"https:\/\/aconteceunovale.com.br\/portal\/?p=49362","title":{"rendered":"Dor e revolta marcam sepultamento de adolescentes que se afogaram em Itinga"},"content":{"rendered":"<h4><strong><em>Eles morreram afogados no rio Jequitinhonha na tarde de domingo. Antes de seguirem para o rio, participaram de um pequeno torneio de futsal entre amigos.<\/em><\/strong><\/h4>\n<p>Dor, tristeza, indigna\u00e7\u00e3o, revolta e homenagens, marcaram o sepultamento dos tr\u00eas adolescentes que morreram afogados no rio Jequitinhonha, na tarde do \u00faltimo domingo, 4 de janeiro, na cidade de Itinga, no Vale do Jequitinhonha. Eles foram sepultados no final da tarde e in\u00edcio da noite de ontem no cemit\u00e9rio M\u00e1rio Uzan.<\/p>\n<p>O primeiro a ser sepultado, \u00e0s 16 horas, foi Alan Luiz Pereira, de 15 anos. Ele foi encontrado cerca de 40 minutos ap\u00f3s ter se afogado. O garoto chegou a ser socorrido por uma equipe do SAMU, mas n\u00e3o resistiu e veio a \u00f3bito na Policl\u00ednica da cidade. Em seguida, por volta das 18 horas, Diogo Figueiredo Pereira, de 14 anos e o primo dele, \u00cdcaro Alves de Sousa, tamb\u00e9m de 14 anos \u00e0s 20 horas.<\/p>\n<p>Amigos, colegas e familiares, se somaram \u00e1 centenas de pessoas da cidade, que acompanharam os cortejos f\u00fanebres. \u201cUma trag\u00e9dia para nossa cidade\u201d, desabafou o prefeito Adhemar Marcos Filho.<\/p>\n<p>Familiares dos adolescentes est\u00e3o indignados, porque, segundo eles, houve  demora  por parte do Corpo de Bombeiros em iniciar as buscas. \u201cQuem  participou das buscas e encontrou os corpos foram amigos e familiares. Foi uma dor muito grande\u201d, contou o serralheiro Gislando Alves de Jesus, 48 anos, tio de \u00cdcaro e Diogo.<\/p>\n<p>A equipe do Corpo de Bombeiros de Te\u00f3filo Otoni, a 220 km de Itinga, chegou \u00e0 cidade no dia seguinte, por volta das 10 horas da manh\u00e3, quando o segundo corpo h\u00e1 havia sido encontrado.<\/p>\n<p>O \u00faltimo a ser localizado foi Diogo Figueiredo, que estava boiando a cerca de 1 km do local do acidente.<\/p>\n<p><img decoding=\"async\" src=\"http:\/\/aconteceunovale.com.br\/portal\/wp-content\/uploads\/2015\/01\/jovens_itinga_afogados.jpg\" alt=\"\" \/><em>\u00cdcaro, Diogo e Alan moravam no bairro Planalto em Itinga &#8211; Foto: Arquivo da Fam\u00edlia<\/em><br \/>\n<\/br><\/p>\n<h4>Revolta<\/h4>\n<p>\u201cAssim que o fato aconteceu acionamos a corpora\u00e7\u00e3o. Foi angustiante toda esta espera. S\u00f3 temos que agradecer aos  amigos que nos ajudaram no resgate\u201d, disse a dona de casa, Angela Maria Alves de Figueiredo, m\u00e3e de um dos adolescentes.<\/p>\n<p>A falta de m\u00e9dico de plant\u00e3o na Policl\u00ednica tamb\u00e9m revoltou os familiares dos adolescentes. \u201cOs m\u00e9dicos pediram demiss\u00e3o no final do ano e at\u00e9 o momento ainda n\u00e3o encontramos outros profissionais\u201d, informou o prefeito.<\/p>\n<p>\u201cLogo que um dos adolescentes deu entrada na Policl\u00ednica, um m\u00e9dico foi acionado e atendeu o paciente que  j\u00e1 chegou  sem vida\u201d, disse um t\u00e9cnico de enfermagem que auxiliou nos primeiros socorros.<\/p>\n<p>Os familiares cobram das autoridades, a instala\u00e7\u00e3o de placas indicando o perigo para banhistas no local em que os adolescentes morreram, a cerca de 300 metros abaixo da ponte principal da cidade.<\/p>\n<p>O m\u00fasico e atual diretor de Limpeza P\u00fablica do munic\u00edpio, Jos\u00e9 Maria da Silva, defende o treinamento de pessoas do lugar pelo Corpo de Bombeiros , para se transformarem em socorristas de emerg\u00eancia.<\/p>\n<p><em><strong>(Gazeta de Ara\u00e7ua\u00ed)<\/strong><\/em><\/p>\n","protected":false},"excerpt":{"rendered":"<p>Eles morreram afogados no rio Jequitinhonha na tarde de domingo. Antes de seguirem para o rio, participaram de um pequeno torneio de futsal entre amigos. Dor, tristeza, indigna\u00e7\u00e3o, revolta e homenagens, marcaram o sepultamento dos tr\u00eas adolescentes que morreram afogados no rio Jequitinhonha, na tarde do \u00faltimo domingo, 4 de janeiro, na cidade de Itinga, [&hellip;]<\/p>\n","protected":false},"author":1,"featured_media":49364,"comment_status":"open","ping_status":"closed","sticky":false,"template":"","format":"standard","meta":{"amp_status":"","footnotes":""},"categories":[120],"tags":[27876,28847,28989,28987,28846,28985,28992,28991,28986,28988,189,28990,164],"class_list":["post-49362","post","type-post","status-publish","format-standard","has-post-thumbnail","hentry","category-jequi","tag-adhemar-marcos-filho","tag-alan-luiz-pereira","tag-angela-maria-alves-de-figueiredo","tag-corpo-de-bombeiros-de-teofilo-otoni","tag-diogo-figueiredo-pereira","tag-dor-e-revolta-marcam-sepultamento-de-adolescentes-em-itinga","tag-dor-e-revolta-marcam-sepultamento-de-adolescentes-que-se-afogaram-em-itinga","tag-dor-e-revolta-marcam-sepultamento-de-jovens-que-se-afogaram-no-rio-jequitinhonha-em-itinga","tag-gislando-alves-de-jesus","tag-icaro-alves-de-sousa","tag-itinga","tag-jose-maria-da-silva","tag-teofilo-otoni"],"_links":{"self":[{"href":"https:\/\/aconteceunovale.com.br\/portal\/index.php?rest_route=\/wp\/v2\/posts\/49362","targetHints":{"allow":["GET"]}}],"collection":[{"href":"https:\/\/aconteceunovale.com.br\/portal\/index.php?rest_route=\/wp\/v2\/posts"}],"about":[{"href":"https:\/\/aconteceunovale.com.br\/portal\/index.php?rest_route=\/wp\/v2\/types\/post"}],"author":[{"embeddable":true,"href":"https:\/\/aconteceunovale.com.br\/portal\/index.php?rest_route=\/wp\/v2\/users\/1"}],"replies":[{"embeddable":true,"href":"https:\/\/aconteceunovale.com.br\/portal\/index.php?rest_route=%2Fwp%2Fv2%2Fcomments&post=49362"}],"version-history":[{"count":0,"href":"https:\/\/aconteceunovale.com.br\/portal\/index.php?rest_route=\/wp\/v2\/posts\/49362\/revisions"}],"wp:featuredmedia":[{"embeddable":true,"href":"https:\/\/aconteceunovale.com.br\/portal\/index.php?rest_route=\/wp\/v2\/media\/49364"}],"wp:attachment":[{"href":"https:\/\/aconteceunovale.com.br\/portal\/index.php?rest_route=%2Fwp%2Fv2%2Fmedia&parent=49362"}],"wp:term":[{"taxonomy":"category","embeddable":true,"href":"https:\/\/aconteceunovale.com.br\/portal\/index.php?rest_route=%2Fwp%2Fv2%2Fcategories&post=49362"},{"taxonomy":"post_tag","embeddable":true,"href":"https:\/\/aconteceunovale.com.br\/portal\/index.php?rest_route=%2Fwp%2Fv2%2Ftags&post=49362"}],"curies":[{"name":"wp","href":"https:\/\/api.w.org\/{rel}","templated":true}]}}