{"id":49359,"date":"2015-01-06T11:02:12","date_gmt":"2015-01-06T14:02:12","guid":{"rendered":"http:\/\/aconteceunovale.com.br\/portal\/?p=49359"},"modified":"2015-01-06T11:02:12","modified_gmt":"2015-01-06T14:02:12","slug":"moradores-cobram-explicacao-sobre-agua-suja-e-com-mau-cheiro-em-bairro-de-montes-claros","status":"publish","type":"post","link":"https:\/\/aconteceunovale.com.br\/portal\/?p=49359","title":{"rendered":"Moradores cobram explica\u00e7\u00e3o sobre \u00e1gua suja e com mau cheiro em bairro de Montes Claros"},"content":{"rendered":"<h4><strong><em>Moradores do Bairro Vargem Grande II querem explica\u00e7\u00e3o da Copasa. Companhia colheu amostras de \u00e1gua e divulgar\u00e1 resultado das an\u00e1lises.<\/em><\/strong><\/h4>\n<p>Moradores do Bairro Vargem Grande II, em Montes Claros, ainda esperam por um posicionamento da Companhia de Saneamento de Minas Gerais (Copasa) sobre a \u00e1gua fornecida para as casas no dia 31 de dezembro, que estava turva e com mau cheiro. O resultado de uma primeira an\u00e1lise n\u00e3o apontou nenhum tipo de contamina\u00e7\u00e3o.<\/p>\n<p>\u201cA mo\u00e7a que nos atendeu disse que ia dar uma resposta, que ia enviar um ve\u00edculo ou uma pessoa respons\u00e1vel, mas at\u00e9 hoje ningu\u00e9m chegou at\u00e9 as nossas casas\u201d, fala o morador Paulino Luiz Santos.<\/p>\n<p><img decoding=\"async\" src=\"http:\/\/aconteceunovale.com.br\/portal\/wp-content\/uploads\/2015\/01\/agua_suja_moc.jpg\" alt=\"\" \/><em>No dia 31 de dezembro, \u00e1 \u00e1gua estava turva e com mau cheiro (Foto: Valdivan Veloso\/G1)<\/em><br \/>\n<\/br><\/p>\n<p>Atualmente, apesar de \u00e1gua estar aparentemente normal, os moradores est\u00e3o com receio. Hamilton Rodrigues conta que a \u00e1gua que chegava at\u00e9 a casa dele estava turva e com cheiro ruim. Ele diz que est\u00e1 comprando \u00e1gua mineral para beber. J\u00e1 para os afazeres dom\u00e9sticos, o aposentado recorre a um po\u00e7o artesiano.<\/p>\n<p>Maria Aparecida tamb\u00e9m ficou surpresa com as condi\u00e7\u00f5es da \u00e1gua em 31 de dezembro. Ela fala que estava tomando banho quando percebeu um cheiro forte. Com medo, diz ter usado \u00e1lcool no corpo.  \u201cA \u00e1gua estava mau cheirosa, parece que tinha estourado um esgoto dentro de casa, um cheiro horr\u00edvel, uma coisa absurda\u201d.<\/p>\n<p>Na casa de Wagner Felipe Perez, a preocupa\u00e7\u00e3o \u00e9 redobrada, j\u00e1 que a esposa dele est\u00e1 gr\u00e1vida. \u201cUsamos essa \u00e1gua para lavar as roupas do beb\u00ea, alimenta\u00e7\u00e3o e para beber. Fiquei muito preocupado com o que essa \u00e1gua poderia causar\u201d destaca o representante comercial.<\/p>\n<h4>O que diz a Copasa?<\/h4>\n<p>Ant\u00f4nio Carlos C\u00e2mara, um representante da Copapa afirmou que amostras foram colhidas nas casas e que os resultados ser\u00e3o divulgados at\u00e9 esta ter\u00e7a-feira (6). Quando questionado sobre a possibilidade de \u00e1gua ter se misturado com esgoto, Ant\u00f4nio Carlos afirma que n\u00e3o foi identificada nenhuma contamina\u00e7\u00e3o desse tipo. <\/p>\n<p>Especificamente sobre a situa\u00e7\u00e3o do aposentado Hamiltom Rodrigues, a \u00fanica irregularidade apresentada foi a cor da \u00e1gua, que pode ser proveniente da rede de fornecimento ou de uma falha na manuten\u00e7\u00e3o do reservat\u00f3rio. O motivo do mau cheiro n\u00e3o foi identificado.<\/p>\n<p><strong><em>(Inter TV Grande Minas)<\/em><\/strong><\/p>\n","protected":false},"excerpt":{"rendered":"<p>Moradores do Bairro Vargem Grande II querem explica\u00e7\u00e3o da Copasa. Companhia colheu amostras de \u00e1gua e divulgar\u00e1 resultado das an\u00e1lises. Moradores do Bairro Vargem Grande II, em Montes Claros, ainda esperam por um posicionamento da Companhia de Saneamento de Minas Gerais (Copasa) sobre a \u00e1gua fornecida para as casas no dia 31 de dezembro, que [&hellip;]<\/p>\n","protected":false},"author":1,"featured_media":49360,"comment_status":"open","ping_status":"closed","sticky":false,"template":"","format":"standard","meta":{"amp_status":"","footnotes":""},"categories":[1236],"tags":[27758,179,210,28984,28983],"class_list":["post-49359","post","type-post","status-publish","format-standard","has-post-thumbnail","hentry","category-norte_de_minas","tag-companhia-de-saneamento-de-minas-gerais","tag-copasa","tag-montes-claros","tag-moradores-cobram-explicacao-sobre-agua-suja-e-com-mau-cheiro-em-bairro-de-montes-claros","tag-moradores-cobram-explicacao-sobre-agua-suja-e-com-mau-cheiro-no-norte-de-minas"],"_links":{"self":[{"href":"https:\/\/aconteceunovale.com.br\/portal\/index.php?rest_route=\/wp\/v2\/posts\/49359","targetHints":{"allow":["GET"]}}],"collection":[{"href":"https:\/\/aconteceunovale.com.br\/portal\/index.php?rest_route=\/wp\/v2\/posts"}],"about":[{"href":"https:\/\/aconteceunovale.com.br\/portal\/index.php?rest_route=\/wp\/v2\/types\/post"}],"author":[{"embeddable":true,"href":"https:\/\/aconteceunovale.com.br\/portal\/index.php?rest_route=\/wp\/v2\/users\/1"}],"replies":[{"embeddable":true,"href":"https:\/\/aconteceunovale.com.br\/portal\/index.php?rest_route=%2Fwp%2Fv2%2Fcomments&post=49359"}],"version-history":[{"count":0,"href":"https:\/\/aconteceunovale.com.br\/portal\/index.php?rest_route=\/wp\/v2\/posts\/49359\/revisions"}],"wp:featuredmedia":[{"embeddable":true,"href":"https:\/\/aconteceunovale.com.br\/portal\/index.php?rest_route=\/wp\/v2\/media\/49360"}],"wp:attachment":[{"href":"https:\/\/aconteceunovale.com.br\/portal\/index.php?rest_route=%2Fwp%2Fv2%2Fmedia&parent=49359"}],"wp:term":[{"taxonomy":"category","embeddable":true,"href":"https:\/\/aconteceunovale.com.br\/portal\/index.php?rest_route=%2Fwp%2Fv2%2Fcategories&post=49359"},{"taxonomy":"post_tag","embeddable":true,"href":"https:\/\/aconteceunovale.com.br\/portal\/index.php?rest_route=%2Fwp%2Fv2%2Ftags&post=49359"}],"curies":[{"name":"wp","href":"https:\/\/api.w.org\/{rel}","templated":true}]}}