{"id":49343,"date":"2015-01-06T09:38:52","date_gmt":"2015-01-06T12:38:52","guid":{"rendered":"http:\/\/aconteceunovale.com.br\/portal\/?p=49343"},"modified":"2015-01-06T09:38:52","modified_gmt":"2015-01-06T12:38:52","slug":"cemig-realiza-obras-de-melhoria-na-rede-eletrica-de-capelinha-2","status":"publish","type":"post","link":"https:\/\/aconteceunovale.com.br\/portal\/?p=49343","title":{"rendered":"Cemig realiza obras de melhoria na rede el\u00e9trica de Capelinha"},"content":{"rendered":"<p>A Companhia Energ\u00e9tica de Minas Gerais (Cemig) informa que, na pr\u00f3xima sexta-feira (09\/01) realizar\u00e1 obras de extens\u00e3o de rede, com substitui\u00e7\u00e3o de cabos de Baixa Tens\u00e3o convencionais por isolados na Rede de Distribui\u00e7\u00e3o Urbana &#8211; RDU em Capelinha.<\/p>\n<p>Com investimentos de mais de R$ 45 mil reais e o envolvimento de 45 colaboradores, entre t\u00e9cnicos e eletricistas, a obra vai tornar a rede mais segura, garantindo uma maior confiabilidade do fornecimento de energia para a popula\u00e7\u00e3o, a ind\u00fastria e o com\u00e9rcio local, melhorando tamb\u00e9m a intera\u00e7\u00e3o com a arboriza\u00e7\u00e3o urbana e a polui\u00e7\u00e3o visual.<\/p>\n<p>Para executar esse trabalho com seguran\u00e7a, ser\u00e1 necess\u00e1rio interromper o fornecimento de energia de 10h \u00e0s 16h, nos seguintes endere\u00e7os:<\/p>\n<p>&#8211; Rua Carlota Sena, n\u00famero 780<br \/>\n&#8211; Rua Tr\u00eas Marias, entre n\u00fameros 49 e 155<br \/>\n&#8211; Rua Nilo Pe\u00e7anha, entre n\u00fameros 1 e 20<br \/>\n&#8211; Rua Esp\u00edrito Santo, entre n\u00fameros 3 e 18<br \/>\n&#8211; Rua Deca Arantes, entre n\u00fameros 28 e 368<br \/>\n&#8211; Rua Geralda Novata, entre n\u00fameros 110 e 783, Centro<br \/>\n&#8211; Rua \u00c2ngelo Campos, entre n\u00fameros 160 e 265<br \/>\n&#8211; Rua Euz\u00e9bio Gon\u00e7alves Sena, entre n\u00fameros 17 e 240, Piedade<\/p>\n<p>Durante esse per\u00edodo, caso precise executar algum servi\u00e7o na instala\u00e7\u00e3o el\u00e9trica interna, o consumidor dever\u00e1 desligar antes a chave geral (disjuntor) para sua seguran\u00e7a.<\/p>\n<p>A Cemig esclarece que em fun\u00e7\u00e3o da complexidade dos servi\u00e7os a serem executados poder\u00e1 ocorrer atraso no hor\u00e1rio previsto ou cancelamento deste desligamento sem aviso pr\u00e9vio. Por medida de seguran\u00e7a todos os equipamentos devem ser considerados energizados durante o per\u00edodo mencionado. Caso os servi\u00e7os de melhoria sejam conclu\u00eddos antes do hor\u00e1rio indicado o fornecimento de energia el\u00e9trica ser\u00e1 restabelecido.<\/p>\n","protected":false},"excerpt":{"rendered":"<p>A Companhia Energ\u00e9tica de Minas Gerais (Cemig) informa que, na pr\u00f3xima sexta-feira (09\/01) realizar\u00e1 obras de extens\u00e3o de rede, com substitui\u00e7\u00e3o de cabos de Baixa Tens\u00e3o convencionais por isolados na Rede de Distribui\u00e7\u00e3o Urbana &#8211; RDU em Capelinha. Com investimentos de mais de R$ 45 mil reais e o envolvimento de 45 colaboradores, entre t\u00e9cnicos [&hellip;]<\/p>\n","protected":false},"author":1,"featured_media":47722,"comment_status":"open","ping_status":"closed","sticky":false,"template":"","format":"standard","meta":{"amp_status":"","footnotes":""},"categories":[120],"tags":[132,347,7440,18567,28966,28965],"class_list":["post-49343","post","type-post","status-publish","format-standard","has-post-thumbnail","hentry","category-jequi","tag-capelinha","tag-cemig","tag-cemig-realiza-obras-de-melhoria-na-rede-eletrica-de-capelinha","tag-companhia-energetica-de-minas-gerais","tag-rdu-em-capelinha","tag-rede-de-distribuicao-urbana-em-capelinha"],"_links":{"self":[{"href":"https:\/\/aconteceunovale.com.br\/portal\/index.php?rest_route=\/wp\/v2\/posts\/49343","targetHints":{"allow":["GET"]}}],"collection":[{"href":"https:\/\/aconteceunovale.com.br\/portal\/index.php?rest_route=\/wp\/v2\/posts"}],"about":[{"href":"https:\/\/aconteceunovale.com.br\/portal\/index.php?rest_route=\/wp\/v2\/types\/post"}],"author":[{"embeddable":true,"href":"https:\/\/aconteceunovale.com.br\/portal\/index.php?rest_route=\/wp\/v2\/users\/1"}],"replies":[{"embeddable":true,"href":"https:\/\/aconteceunovale.com.br\/portal\/index.php?rest_route=%2Fwp%2Fv2%2Fcomments&post=49343"}],"version-history":[{"count":0,"href":"https:\/\/aconteceunovale.com.br\/portal\/index.php?rest_route=\/wp\/v2\/posts\/49343\/revisions"}],"wp:featuredmedia":[{"embeddable":true,"href":"https:\/\/aconteceunovale.com.br\/portal\/index.php?rest_route=\/wp\/v2\/media\/47722"}],"wp:attachment":[{"href":"https:\/\/aconteceunovale.com.br\/portal\/index.php?rest_route=%2Fwp%2Fv2%2Fmedia&parent=49343"}],"wp:term":[{"taxonomy":"category","embeddable":true,"href":"https:\/\/aconteceunovale.com.br\/portal\/index.php?rest_route=%2Fwp%2Fv2%2Fcategories&post=49343"},{"taxonomy":"post_tag","embeddable":true,"href":"https:\/\/aconteceunovale.com.br\/portal\/index.php?rest_route=%2Fwp%2Fv2%2Ftags&post=49343"}],"curies":[{"name":"wp","href":"https:\/\/api.w.org\/{rel}","templated":true}]}}