{"id":49341,"date":"2015-01-06T09:35:40","date_gmt":"2015-01-06T12:35:40","guid":{"rendered":"http:\/\/aconteceunovale.com.br\/portal\/?p=49341"},"modified":"2015-01-06T09:35:40","modified_gmt":"2015-01-06T12:35:40","slug":"plantao-do-samu-no-norte-de-minas-gerais-05-de-janeiro-de-2015","status":"publish","type":"post","link":"https:\/\/aconteceunovale.com.br\/portal\/?p=49341","title":{"rendered":"Plant\u00e3o do Samu no Norte de Minas Gerais &#8211; 05 de janeiro de 2015"},"content":{"rendered":"<h4><strong><em>Segunda-feira, 05 de janeiro de 2015<\/em><\/strong><\/h4>\n<p>A unidade do SAMU de Montes Claros realizou na segunda-feira, 05\/01, 40 atendimentos, sendo 22 casos cl\u00ednicos e 18 em decorr\u00eancia de acidentes de tr\u00e2nsito, com quatro \u00f3bitos.<\/p>\n<p>Por volta das 22h, a unidade do Samu foi acionada para atendimento a uma mulher de 22 anos que caiu de moto na Avenida Cula Mangabeira, bairro Santo Expedito, e ficou ferida na perna e no pesco\u00e7o.<\/p>\n<p>\u00c0s 18h45, um homem de 36 anos ficou ferido em uma colis\u00e3o entre carro e moto, na BR-135, bairro Jardim Palmeiras. Ele conduzia a moto e apresentava escoria\u00e7\u00f5es nos bra\u00e7os, clav\u00edcula e nas pernas, sem sinais de fratura.<\/p>\n<p>\u00c0s 18h45, o Samu foi acionado para atendimento a um homem de 24 anos, que ficou ferido ap\u00f3s colidir de moto contra um carro na Avenida dos Militares, bairro Santa Rita. Ele conduzia a moto e ficou ferido no joelho direito, sem suspeita de fratura.<\/p>\n<p>\u00c0s 17h18, uma mulher de 34 anos ficou ferida em uma colis\u00e3o entre carro e moto, na Avenida Governador Magalh\u00e3es Pinto, no Trevo da Cowan. Ela estava na garupa da moto e apresentava escoria\u00e7\u00f5es nos bra\u00e7os e no quadril, sem sinais de fratura. O condutor da moto nada sofreu.<\/p>\n<p>Por volta das 16 horas, um homem de 38 anos perdeu o equil\u00edbrio e caiu da plataforma de um caminh\u00e3o em um posto de combust\u00edvel no Anel Rodovi\u00e1rio Sul e sofreu queimadura nas m\u00e3os e se feriu no tornozelo esquerdo.<\/p>\n<p>A unidade do Samu foi acionada por volta das 16h15 para atendimento a vitimas colis\u00e3o entre duas motos ocorrida na rua E, bairro Ciro dos Anjos.  Os dois condutores, sendo um homem e uma mulher, ambos de 19 anos, sofreram ferimentos leves nos bra\u00e7os e nas pernas e se queixavam de dor na regi\u00e3o tor\u00e1cica.  <\/p>\n<p>\u00c0s 13h30, um homem de 27 anos caiu de moto na Avenida Nossa Senhora de F\u00e1tima, bairro S\u00e3o Judas, e apresentava escoria\u00e7\u00f5es no joelho esquerdo, sem suspeita de fratura.<\/p>\n<p>\u00c0s 8h13, uma mulher de 35 anos, gestante de 7 meses, caiu de moto na Avenida Leonel Beir\u00e3o de Jesus, bairro Morrinhos. Ela conduzia a moto e apresentava escoria\u00e7\u00f5es nos bra\u00e7os e pernas, se queixando de dor intensa no t\u00f3rax e joelhos, sem suspeita de fratura.<\/p>\n<p>\u00c0s 7h30, o Samu foi acionado para atendimento a um homem de 38 anos, que ficou ferido ap\u00f3s colidir de moto contra um carro na Avenida S\u00e3o Judas, bairro S\u00e3o Judas. Ele conduzia a moto e apresentava suspeita de fratura na m\u00e3o direita e escoria\u00e7\u00f5es no tornozelo.<\/p>\n<p>\u00c0s 5h30, unidades do Samu foram empenhadas para atendimento a v\u00edtimas de acidente ocorrido na BR-251, entre Francisco S\u00e1 e Montes Claros. Um Fiat Uno com placa de Ribeir\u00e3o das Neves (regi\u00e3o metropolitana de Belo Horizonte), saiu da pista e capotou no km 502. Seis pessoas estavam no ve\u00edculo, sendo quatro adultos e duas crian\u00e7as. O motorista, Nivaldo Ferreira da Cruz, de 34 anos, e as crian\u00e7as Nattalia Soares da Silva, 10 anos, e Elson Neves da Silva Junior, de 11 anos, morreram no momento do acidente.  Aline Aparecida Silva Santos, de 22 anos, que ficou gravemente ferida, morreu ao dar entrada no hospital do hospital. Sinthya Fabiana Soares Martins, de 31 anos, de Catuni, e Hilian Ricardo Pereira Alves, de 18, estavam est\u00e1veis e foram encaminhados para a Santa Casa de Montes Claros.<\/p>\n<p>Em todas as ocorr\u00eancias os feridos receberam os primeiros atendimentos no local e foram encaminhados ao hospital para avalia\u00e7\u00e3o.<\/p>\n","protected":false},"excerpt":{"rendered":"<p>Segunda-feira, 05 de janeiro de 2015 A unidade do SAMU de Montes Claros realizou na segunda-feira, 05\/01, 40 atendimentos, sendo 22 casos cl\u00ednicos e 18 em decorr\u00eancia de acidentes de tr\u00e2nsito, com quatro \u00f3bitos. Por volta das 22h, a unidade do Samu foi acionada para atendimento a uma mulher de 22 anos que caiu de [&hellip;]<\/p>\n","protected":false},"author":1,"featured_media":46383,"comment_status":"open","ping_status":"closed","sticky":false,"template":"","format":"standard","meta":{"amp_status":"","footnotes":""},"categories":[1236],"tags":[13996,210,19864,18898,18108,28964,18629,21139,4040],"class_list":["post-49341","post","type-post","status-publish","format-standard","has-post-thumbnail","hentry","category-norte_de_minas","tag-atendimentos-do-samu-em-montes-claros","tag-montes-claros","tag-plantao-do-samu-em-montes-claros","tag-plantao-do-samu-macro-norte","tag-plantao-do-samu-no-norte-de-minas-gerais","tag-plantao-do-samu-no-norte-de-minas-gerais-05-de-janeiro-de-2015","tag-samu-de-montes-claros","tag-samu-do-norte-de-minas","tag-samu-macro-norte"],"_links":{"self":[{"href":"https:\/\/aconteceunovale.com.br\/portal\/index.php?rest_route=\/wp\/v2\/posts\/49341","targetHints":{"allow":["GET"]}}],"collection":[{"href":"https:\/\/aconteceunovale.com.br\/portal\/index.php?rest_route=\/wp\/v2\/posts"}],"about":[{"href":"https:\/\/aconteceunovale.com.br\/portal\/index.php?rest_route=\/wp\/v2\/types\/post"}],"author":[{"embeddable":true,"href":"https:\/\/aconteceunovale.com.br\/portal\/index.php?rest_route=\/wp\/v2\/users\/1"}],"replies":[{"embeddable":true,"href":"https:\/\/aconteceunovale.com.br\/portal\/index.php?rest_route=%2Fwp%2Fv2%2Fcomments&post=49341"}],"version-history":[{"count":0,"href":"https:\/\/aconteceunovale.com.br\/portal\/index.php?rest_route=\/wp\/v2\/posts\/49341\/revisions"}],"wp:featuredmedia":[{"embeddable":true,"href":"https:\/\/aconteceunovale.com.br\/portal\/index.php?rest_route=\/wp\/v2\/media\/46383"}],"wp:attachment":[{"href":"https:\/\/aconteceunovale.com.br\/portal\/index.php?rest_route=%2Fwp%2Fv2%2Fmedia&parent=49341"}],"wp:term":[{"taxonomy":"category","embeddable":true,"href":"https:\/\/aconteceunovale.com.br\/portal\/index.php?rest_route=%2Fwp%2Fv2%2Fcategories&post=49341"},{"taxonomy":"post_tag","embeddable":true,"href":"https:\/\/aconteceunovale.com.br\/portal\/index.php?rest_route=%2Fwp%2Fv2%2Ftags&post=49341"}],"curies":[{"name":"wp","href":"https:\/\/api.w.org\/{rel}","templated":true}]}}