{"id":49336,"date":"2015-01-06T09:17:38","date_gmt":"2015-01-06T12:17:38","guid":{"rendered":"http:\/\/aconteceunovale.com.br\/portal\/?p=49336"},"modified":"2015-01-06T09:17:38","modified_gmt":"2015-01-06T12:17:38","slug":"previsao-do-tempo-para-minas-gerais-nesta-terca-feira-6-de-janeiro","status":"publish","type":"post","link":"https:\/\/aconteceunovale.com.br\/portal\/?p=49336","title":{"rendered":"Previs\u00e3o do tempo para Minas Gerais nesta ter\u00e7a-feira, 6 de janeiro"},"content":{"rendered":"<h4><strong><em>Na capital mineira, o dia ser\u00e1 de c\u00e9u parcialmente nublado com per\u00edodos de sol e as chances de chuvas s\u00e3o pequenas<\/em><\/strong><\/h4>\n<p>Nesta ter\u00e7a-feira, o tempo segue com varia\u00e7\u00e3o de nuvens na maior parte de Minas Gerais e s\u00e3o previstas chuvas com maiores acumulados na Zona da Mata, Campo das Vertentes, Sul, Oeste e Tri\u00e2ngulo. Nas demais localidades do Estado, o c\u00e9u fica parcialmente nublado com per\u00edodos de predom\u00ednio de sol e podem ocorrer chuvas localizadas de curta dura\u00e7\u00e3o nos setores Centro e Leste. As temperaturas estar\u00e3o est\u00e1veis e a m\u00e1xima prevista \u00e9 de 35\u00b0C no Norte de Minas. Na capital mineira, o dia ser\u00e1 de c\u00e9u parcialmente nublado com per\u00edodos de sol, as chances de chuvas s\u00e3o pequenas, e as temperaturas oscilam entre 18\u00b0C e 31\u00b0C.<\/p>\n","protected":false},"excerpt":{"rendered":"<p>Na capital mineira, o dia ser\u00e1 de c\u00e9u parcialmente nublado com per\u00edodos de sol e as chances de chuvas s\u00e3o pequenas Nesta ter\u00e7a-feira, o tempo segue com varia\u00e7\u00e3o de nuvens na maior parte de Minas Gerais e s\u00e3o previstas chuvas com maiores acumulados na Zona da Mata, Campo das Vertentes, Sul, Oeste e Tri\u00e2ngulo. Nas [&hellip;]<\/p>\n","protected":false},"author":1,"featured_media":15765,"comment_status":"open","ping_status":"closed","sticky":false,"template":"","format":"standard","meta":{"amp_status":"","footnotes":""},"categories":[123],"tags":[28882,27340,28955,28954,28956,1841],"class_list":["post-49336","post","type-post","status-publish","format-standard","has-post-thumbnail","hentry","category-gerais","tag-inscricoes-para-o-prouni-comecam-no-dia-26-de-janeiro","tag-previsao-do-tempo-para-belo-horizonte","tag-previsao-do-tempo-para-bh","tag-previsao-do-tempo-para-minas-gerais-nesta-terca-feira-6-de-janeiro","tag-previsao-do-tempo-para-o-interior-de-minas","tag-previsao-do-tempo-para-o-norte-de-minas"],"_links":{"self":[{"href":"https:\/\/aconteceunovale.com.br\/portal\/index.php?rest_route=\/wp\/v2\/posts\/49336","targetHints":{"allow":["GET"]}}],"collection":[{"href":"https:\/\/aconteceunovale.com.br\/portal\/index.php?rest_route=\/wp\/v2\/posts"}],"about":[{"href":"https:\/\/aconteceunovale.com.br\/portal\/index.php?rest_route=\/wp\/v2\/types\/post"}],"author":[{"embeddable":true,"href":"https:\/\/aconteceunovale.com.br\/portal\/index.php?rest_route=\/wp\/v2\/users\/1"}],"replies":[{"embeddable":true,"href":"https:\/\/aconteceunovale.com.br\/portal\/index.php?rest_route=%2Fwp%2Fv2%2Fcomments&post=49336"}],"version-history":[{"count":0,"href":"https:\/\/aconteceunovale.com.br\/portal\/index.php?rest_route=\/wp\/v2\/posts\/49336\/revisions"}],"wp:featuredmedia":[{"embeddable":true,"href":"https:\/\/aconteceunovale.com.br\/portal\/index.php?rest_route=\/wp\/v2\/media\/15765"}],"wp:attachment":[{"href":"https:\/\/aconteceunovale.com.br\/portal\/index.php?rest_route=%2Fwp%2Fv2%2Fmedia&parent=49336"}],"wp:term":[{"taxonomy":"category","embeddable":true,"href":"https:\/\/aconteceunovale.com.br\/portal\/index.php?rest_route=%2Fwp%2Fv2%2Fcategories&post=49336"},{"taxonomy":"post_tag","embeddable":true,"href":"https:\/\/aconteceunovale.com.br\/portal\/index.php?rest_route=%2Fwp%2Fv2%2Ftags&post=49336"}],"curies":[{"name":"wp","href":"https:\/\/api.w.org\/{rel}","templated":true}]}}