{"id":49333,"date":"2015-01-05T23:46:44","date_gmt":"2015-01-06T02:46:44","guid":{"rendered":"http:\/\/aconteceunovale.com.br\/portal\/?p=49333"},"modified":"2015-01-05T23:46:44","modified_gmt":"2015-01-06T02:46:44","slug":"menor-e-apreendido-por-arrombar-e-furtar-residencia-em-capelinha","status":"publish","type":"post","link":"https:\/\/aconteceunovale.com.br\/portal\/?p=49333","title":{"rendered":"Menor \u00e9 apreendido por arrombar e furtar resid\u00eancia em Capelinha"},"content":{"rendered":"<h4><strong><em>Adolescente foi encontrado debaixo de uma cama e detido por terceiros at\u00e9 a chegada da Pol\u00edcia Militar.<\/em><\/strong><\/h4>\n<p>Um menor foi apreendido no final da tarde desta segunda-feira, 5 de janeiro, por suspeita de furto a uma resid\u00eancia localizada no bairro Aparecida, em Capelinha, no Vale do Jequitinhonha.<\/p>\n<p>De acordo com a Pol\u00edcia Militar, por volta das 16h30, um denunciante informou atrav\u00e9s do 190 que um indiv\u00edduo teria entrado em uma resid\u00eancia na Avenida Primeiro de Maio e que teria sido detido por terceiros. De imediato, uma guarni\u00e7\u00e3o, composta pelo SD Andr\u00e9 Porto e CB Wagner Le\u00e3o, deslocou at\u00e9 o local e constatou a veracidade da informa\u00e7\u00e3o.<\/p>\n<p>Ainda segundo a PM, uma testemunha relatou que presenciou o menor C.G.F entrando na casa e avisou aos propriet\u00e1rios, que o localizaram debaixo de uma cama. A testemunha disse ainda que o menor j\u00e1 havia deixado um tablet com carregador do lado de fora e que possivelmente teria retornado para buscar mais objetos no interior da resid\u00eancia.<\/p>\n<p>O propriet\u00e1rio da casa relatou aos militares que o infrator entrou na casa sem arrombar nada, mas que quando o abordaram, encontraram a chave de uma das portas da casa. Ele disse ainda que no domingo (4), teria ocorrido um arrombamento na casa e que a chave da porta da cozinha havia sumido. Questionado, o menor disse que teria sido ele quem arrombou a porta com um peda\u00e7o de ferro e que teria subtra\u00eddo as chaves.<\/p>\n<p>Em continua\u00e7\u00e3o a ocorr\u00eancia, os policiais deslocaram at\u00e9 a casa do adolescente, onde sua m\u00e3e franqueou a entrada, e ap\u00f3s buscas, foi encontrado um celular escondido entre blocos, subtra\u00eddo na mesma resid\u00eancia onde foi detido.  O menor tamb\u00e9m confessou o furto de uma bicicleta, que foi encontrada e recuperada em um matagal pr\u00f3ximo ao povoado do Grilo, no munic\u00edpio de Capelinha.<\/p>\n<p>Diante dos fatos, o menor infrator foi conduzido, juntamente com sua m\u00e3e, a Delegacia de Pol\u00edcia para demais provid\u00eancias.<\/p>\n<p><img decoding=\"async\" src=\"http:\/\/aconteceunovale.com.br\/portal\/wp-content\/uploads\/2014\/08\/capelinhamg.jpg\" alt=\"\" \/><em>Menor foi encontrado debaixo de uma cama e detido por terceiros at\u00e9 a chegada da PM &#8211; Foto: Arquivo<\/em><\/p>\n","protected":false},"excerpt":{"rendered":"<p>Adolescente foi encontrado debaixo de uma cama e detido por terceiros at\u00e9 a chegada da Pol\u00edcia Militar. Um menor foi apreendido no final da tarde desta segunda-feira, 5 de janeiro, por suspeita de furto a uma resid\u00eancia localizada no bairro Aparecida, em Capelinha, no Vale do Jequitinhonha. De acordo com a Pol\u00edcia Militar, por volta [&hellip;]<\/p>\n","protected":false},"author":1,"featured_media":38381,"comment_status":"open","ping_status":"closed","sticky":false,"template":"","format":"standard","meta":{"amp_status":"","footnotes":""},"categories":[120],"tags":[132,28953,28952],"class_list":["post-49333","post","type-post","status-publish","format-standard","has-post-thumbnail","hentry","category-jequi","tag-capelinha","tag-menor-apreendido-em-capelinha","tag-menor-e-apreendido-por-arrombar-e-furtar-residencia-em-capelinha"],"_links":{"self":[{"href":"https:\/\/aconteceunovale.com.br\/portal\/index.php?rest_route=\/wp\/v2\/posts\/49333","targetHints":{"allow":["GET"]}}],"collection":[{"href":"https:\/\/aconteceunovale.com.br\/portal\/index.php?rest_route=\/wp\/v2\/posts"}],"about":[{"href":"https:\/\/aconteceunovale.com.br\/portal\/index.php?rest_route=\/wp\/v2\/types\/post"}],"author":[{"embeddable":true,"href":"https:\/\/aconteceunovale.com.br\/portal\/index.php?rest_route=\/wp\/v2\/users\/1"}],"replies":[{"embeddable":true,"href":"https:\/\/aconteceunovale.com.br\/portal\/index.php?rest_route=%2Fwp%2Fv2%2Fcomments&post=49333"}],"version-history":[{"count":0,"href":"https:\/\/aconteceunovale.com.br\/portal\/index.php?rest_route=\/wp\/v2\/posts\/49333\/revisions"}],"wp:featuredmedia":[{"embeddable":true,"href":"https:\/\/aconteceunovale.com.br\/portal\/index.php?rest_route=\/wp\/v2\/media\/38381"}],"wp:attachment":[{"href":"https:\/\/aconteceunovale.com.br\/portal\/index.php?rest_route=%2Fwp%2Fv2%2Fmedia&parent=49333"}],"wp:term":[{"taxonomy":"category","embeddable":true,"href":"https:\/\/aconteceunovale.com.br\/portal\/index.php?rest_route=%2Fwp%2Fv2%2Fcategories&post=49333"},{"taxonomy":"post_tag","embeddable":true,"href":"https:\/\/aconteceunovale.com.br\/portal\/index.php?rest_route=%2Fwp%2Fv2%2Ftags&post=49333"}],"curies":[{"name":"wp","href":"https:\/\/api.w.org\/{rel}","templated":true}]}}