{"id":49321,"date":"2015-01-05T21:44:59","date_gmt":"2015-01-06T00:44:59","guid":{"rendered":"http:\/\/aconteceunovale.com.br\/portal\/?p=49321"},"modified":"2015-01-05T21:44:59","modified_gmt":"2015-01-06T00:44:59","slug":"fotos-de-andressa-urach-durante-tratamento-provocam-polemica-nas-redes-sociais","status":"publish","type":"post","link":"https:\/\/aconteceunovale.com.br\/portal\/?p=49321","title":{"rendered":"Fotos de Andressa Urach durante tratamento provocam pol\u00eamica nas redes sociais"},"content":{"rendered":"<h4><strong><em>Imagens da modelo durante interna\u00e7\u00e3o ap\u00f3s problemas com o uso do hidrogel s\u00e3o divulgadas e ganham destaque nas redes sociais.<\/em><\/strong><\/h4>\n<p>Nesta segunda-feira (5) a ag\u00eancia Grosby Group divulgou uma s\u00e9rie de fotos de Andressa Urach durante o per\u00edodo em que ela esteve internada no Hospital Concei\u00e7\u00e3o, em Porto Alegre. As imagens da ex-vice Miss Bumbum 2012 e apresentadora do &#8220;Muito Show&#8221;, da RedeTV, s\u00e3o fortes e chegaram a colocar a modelo, mais uma vez, em destaque nas redes sociais e nos Trending Toppics no Twitter.<\/p>\n<p><img decoding=\"async\" src=\"http:\/\/aconteceunovale.com.br\/portal\/wp-content\/uploads\/2015\/01\/andressa_urach_fotos_tratamento_1.jpg\" alt=\"\" \/><em>Andressa Urach durante interna\u00e7\u00e3o no Hospital Concei\u00e7\u00e3o &#8211; Foto: Ag\u00eancia Grosby Group<\/em><br \/>\n<\/br><\/p>\n<p>No \u00faltimo s\u00e1bado (3), Urach apareceu publicamente pela primeira vez ap\u00f3s problemas com o uso do hidrogel e foi fotografada caminhando por ruas de Florian\u00f3polis usando um vestido longo, para n\u00e3o mostrar as pernas. Em seu passeio, ela foi clicada lendo o livro de autoajuda &#8220;Comande sua vida com o poder da mente&#8221;, de Masaharu Taniguchi. <\/p>\n<p>Atrav\u00e9s de sua assessoria de imprensa ela falou sobre o momento dif\u00edcil que enfrenta. &#8220;Quero agradecer em primeiro lugar a Deus e ao Hospital Nossa Senhora da Concei\u00e7\u00e3o de Porto Alegre por salvarem minha vida, principalmente a toda a equipe da UTI e a todos os profissionais que ali trabalham sem exce\u00e7\u00f5es, que me receberam com muito carinho e dedica\u00e7\u00e3o, ali pude perceber que todos os pacientes s\u00e3o tratados da mesma maneira&#8221;, ela declarou quando recebeu alta.<\/p>\n<h4>Relembre o caso<\/h4>\n<p>Urach est\u00e1 se recuperando da infec\u00e7\u00e3o grave que a deixou quase um m\u00eas internada na UTI decorrente de uma aplica\u00e7\u00e3o de hidrogel na coxa esquerda &#8211; uma subst\u00e2ncia usada para dar volume \u00e0s pernas como um preenchedor provis\u00f3rio. Andressa saiu do hospital na v\u00e9spera do Natal e essa foi a segunda vez que ela passa por problemas com o produto. <\/p>\n<p>Em meados de 2014 ela passou por uma situa\u00e7\u00e3o delicada e precisou ser internada \u00e0s pressas em S\u00e3o Paulo ap\u00f3s sentir fortes dores nas pernas. Na \u00e9poca, ela disse ao site &#8220;EGO&#8221; que come\u00e7ou a sentir ferroadas no m\u00fasculo. &#8220;Optei em fazer uma lipoaspira\u00e7\u00e3o nas coxas para retirar todo produto&#8221;.<\/p>\n<p>Nos \u00faltimos meses, graves problemas de sa\u00fade foram atribu\u00eddos ao uso do hidrogel, que tem em sua composi\u00e7\u00e3o 98% de \u00e1gua e 2% de poliamida. Desde 31 de mar\u00e7o de 2014, esse produto da marca Aqualift, at\u00e9 ent\u00e3o usado para preenchimento e aumento do volume em regi\u00f5es do rosto e do corpo, est\u00e1 com registro irregular na Ag\u00eancia Nacional de Vigil\u00e2ncia Sanit\u00e1ria (Anvisa).<\/p>\n<p><img decoding=\"async\" src=\"http:\/\/aconteceunovale.com.br\/portal\/wp-content\/uploads\/2015\/01\/andressa_urach_fotos_tratamento_6.jpg\" alt=\"\" \/><br \/>\n<\/br><\/p>\n<p><img decoding=\"async\" src=\"http:\/\/aconteceunovale.com.br\/portal\/wp-content\/uploads\/2015\/01\/andressa_urach_fotos_tratamento_2.jpg\" alt=\"\" \/><em>Andressa Urach durante interna\u00e7\u00e3o no Hospital Concei\u00e7\u00e3o &#8211; Foto: Ag\u00eancia Grosby Group<\/em><br \/>\n<\/br><\/p>\n<p><img decoding=\"async\" src=\"http:\/\/aconteceunovale.com.br\/portal\/wp-content\/uploads\/2015\/01\/andressa_urach_fotos_tratamento_3.jpg\" alt=\"\" \/><em>Andressa Urach durante interna\u00e7\u00e3o no Hospital Concei\u00e7\u00e3o &#8211; Foto: Ag\u00eancia Grosby Group<\/em><br \/>\n<\/br><\/p>\n<p><img decoding=\"async\" src=\"http:\/\/aconteceunovale.com.br\/portal\/wp-content\/uploads\/2015\/01\/andressa_urach_fotos_tratamento_4.jpg\" alt=\"\" \/><em>Andressa Urach durante interna\u00e7\u00e3o no Hospital Concei\u00e7\u00e3o &#8211; Foto: Ag\u00eancia Grosby Group<\/em><br \/>\n<\/br><\/p>\n<p><img decoding=\"async\" src=\"http:\/\/aconteceunovale.com.br\/portal\/wp-content\/uploads\/2015\/01\/andressa_urach_fotos_tratamento_5.jpg\" alt=\"\" \/><em>Andressa Urach durante interna\u00e7\u00e3o no Hospital Concei\u00e7\u00e3o &#8211; Foto: Ag\u00eancia Grosby Group<\/em><br \/>\n<\/br><\/p>\n<p><strong><em>(O Tempo)<\/em><\/strong><\/p>\n","protected":false},"excerpt":{"rendered":"<p>Imagens da modelo durante interna\u00e7\u00e3o ap\u00f3s problemas com o uso do hidrogel s\u00e3o divulgadas e ganham destaque nas redes sociais. Nesta segunda-feira (5) a ag\u00eancia Grosby Group divulgou uma s\u00e9rie de fotos de Andressa Urach durante o per\u00edodo em que ela esteve internada no Hospital Concei\u00e7\u00e3o, em Porto Alegre. As imagens da ex-vice Miss Bumbum [&hellip;]<\/p>\n","protected":false},"author":1,"featured_media":49322,"comment_status":"open","ping_status":"closed","sticky":false,"template":"","format":"standard","meta":{"amp_status":"","footnotes":""},"categories":[6],"tags":[28939,25489,28947,1018,28944,28948,28940,28941,28945,28946,28942,28943,4613],"class_list":["post-49321","post","type-post","status-publish","format-standard","has-post-thumbnail","hentry","category-br","tag-agencia-grosby-group","tag-andressa-urach","tag-aqualift","tag-destaque","tag-fotos-de-andressa-urach","tag-fotos-de-andressa-urach-durante-tratamento-provocam-polemica-nas-redes-sociais","tag-grosby-group","tag-hospital-conceicao","tag-imagens-de-andressa-urach","tag-masaharu-taniguchi","tag-miss-bumbum-2012","tag-muito-show","tag-porto-alegre"],"_links":{"self":[{"href":"https:\/\/aconteceunovale.com.br\/portal\/index.php?rest_route=\/wp\/v2\/posts\/49321","targetHints":{"allow":["GET"]}}],"collection":[{"href":"https:\/\/aconteceunovale.com.br\/portal\/index.php?rest_route=\/wp\/v2\/posts"}],"about":[{"href":"https:\/\/aconteceunovale.com.br\/portal\/index.php?rest_route=\/wp\/v2\/types\/post"}],"author":[{"embeddable":true,"href":"https:\/\/aconteceunovale.com.br\/portal\/index.php?rest_route=\/wp\/v2\/users\/1"}],"replies":[{"embeddable":true,"href":"https:\/\/aconteceunovale.com.br\/portal\/index.php?rest_route=%2Fwp%2Fv2%2Fcomments&post=49321"}],"version-history":[{"count":0,"href":"https:\/\/aconteceunovale.com.br\/portal\/index.php?rest_route=\/wp\/v2\/posts\/49321\/revisions"}],"wp:featuredmedia":[{"embeddable":true,"href":"https:\/\/aconteceunovale.com.br\/portal\/index.php?rest_route=\/wp\/v2\/media\/49322"}],"wp:attachment":[{"href":"https:\/\/aconteceunovale.com.br\/portal\/index.php?rest_route=%2Fwp%2Fv2%2Fmedia&parent=49321"}],"wp:term":[{"taxonomy":"category","embeddable":true,"href":"https:\/\/aconteceunovale.com.br\/portal\/index.php?rest_route=%2Fwp%2Fv2%2Fcategories&post=49321"},{"taxonomy":"post_tag","embeddable":true,"href":"https:\/\/aconteceunovale.com.br\/portal\/index.php?rest_route=%2Fwp%2Fv2%2Ftags&post=49321"}],"curies":[{"name":"wp","href":"https:\/\/api.w.org\/{rel}","templated":true}]}}