{"id":49317,"date":"2015-01-05T20:02:57","date_gmt":"2015-01-05T23:02:57","guid":{"rendered":"http:\/\/aconteceunovale.com.br\/portal\/?p=49317"},"modified":"2015-01-05T20:02:57","modified_gmt":"2015-01-05T23:02:57","slug":"denatran-adia-por-90-dias-o-uso-obrigatorio-do-extintor-com-carga-abc","status":"publish","type":"post","link":"https:\/\/aconteceunovale.com.br\/portal\/?p=49317","title":{"rendered":"Denatran adia por 90 dias o uso obrigat\u00f3rio do extintor com carga ABC"},"content":{"rendered":"<p>O ministro das Cidades, Gilberto Kassab, em acordo com o Departamento Nacional de Tr\u00e2nsito (Denatran), decidiu adiar por 90 dias a obrigatoriedade do uso do extintor de inc\u00eandio veicular com carga ABC. O adiamento ser\u00e1 contado ap\u00f3s a publica\u00e7\u00e3o de uma nova resolu\u00e7\u00e3o, mas o \u00f3rg\u00e3o informou que j\u00e1 n\u00e3o multar\u00e1 quem dirigir sem o equipamento.<\/p>\n<p>Mais cedo, o Denatran anunciou que n\u00e3o pretendia ampliar o prazo para troca do equipamento e que seguiria a resolu\u00e7\u00e3o do Conselho Nacional de Tr\u00e2nsito (Contran), que tornou obrigat\u00f3rio o uso desse tipo de extintor desde 1\u00ba de janeiro. A decis\u00e3o, contudo, foi alterada na noite de hoje (5).<\/p>\n<p>Com isso, motoristas que reclamavam da dificuldade de encontrar o extintor ter\u00e3o mais tempo para equipar o carro e se preparar para n\u00e3o infringir a lei. Ap\u00f3s os 90 dias de prorroga\u00e7\u00e3o, os condutores que n\u00e3o cumprirem a determina\u00e7\u00e3o podem ter de pagar R$ 127,69 de multa e ainda perder 5 pontos na carteira de habilita\u00e7\u00e3o.<\/p>\n<p>Segundo o Denatran, a medida garante maior seguran\u00e7a aos motoristas e passageiros. Isso porque os extintores com carga ABC s\u00e3o mais modernos e t\u00eam capacidade de combater princ\u00edpios de inc\u00eandio em materiais s\u00f3lidos, l\u00edquidos inflam\u00e1veis e equipamentos energizados.<\/p>\n<p>Eles substituem o extintor BC, que apaga inc\u00eandio em materiais el\u00e9tricos energizados, como bateria de carro e fia\u00e7\u00e3o el\u00e9trica, e tamb\u00e9m nos combust\u00edveis l\u00edquidos (\u00f3leo, gasolina e \u00e1lcool), materiais tamb\u00e9m recomentados para o extintor do tipo ABC.<\/p>\n<p>A recomenda\u00e7\u00e3o vale para carros que tenham dez anos ou mais, pois, desde 2005, os ve\u00edculos produzidos no Brasil j\u00e1 saem de f\u00e1brica com o extintor recomendado.<\/p>\n<p><strong><em>(Ag\u00eancia Brasil)<\/em><\/strong><\/p>\n","protected":false},"excerpt":{"rendered":"<p>O ministro das Cidades, Gilberto Kassab, em acordo com o Departamento Nacional de Tr\u00e2nsito (Denatran), decidiu adiar por 90 dias a obrigatoriedade do uso do extintor de inc\u00eandio veicular com carga ABC. O adiamento ser\u00e1 contado ap\u00f3s a publica\u00e7\u00e3o de uma nova resolu\u00e7\u00e3o, mas o \u00f3rg\u00e3o informou que j\u00e1 n\u00e3o multar\u00e1 quem dirigir sem o [&hellip;]<\/p>\n","protected":false},"author":1,"featured_media":48148,"comment_status":"open","ping_status":"closed","sticky":false,"template":"","format":"standard","meta":{"amp_status":"","footnotes":""},"categories":[6],"tags":[28934,26337,28930,28927,28931,28928,27850,28933,28932,28929,18751],"class_list":["post-49317","post","type-post","status-publish","format-standard","has-post-thumbnail","hentry","category-br","tag-conselho-nacional-de-transito","tag-denatran","tag-denatran-adia-por-90-dias-o-uso-obrigatorio-do-extintor-com-carga-abc","tag-denatran-adia-por-90-dias-o-uso-obrigatorio-do-novo-extintor","tag-departamento-nacional-de-transito","tag-extintor","tag-gilberto-kassab","tag-obrigatoriedade-do-uso-do-extintor-abc","tag-obrigatoriedade-do-uso-do-extintor-de-incendio-veicular-com-carga-abc","tag-seguranca-adiamento","tag-transito"],"_links":{"self":[{"href":"https:\/\/aconteceunovale.com.br\/portal\/index.php?rest_route=\/wp\/v2\/posts\/49317","targetHints":{"allow":["GET"]}}],"collection":[{"href":"https:\/\/aconteceunovale.com.br\/portal\/index.php?rest_route=\/wp\/v2\/posts"}],"about":[{"href":"https:\/\/aconteceunovale.com.br\/portal\/index.php?rest_route=\/wp\/v2\/types\/post"}],"author":[{"embeddable":true,"href":"https:\/\/aconteceunovale.com.br\/portal\/index.php?rest_route=\/wp\/v2\/users\/1"}],"replies":[{"embeddable":true,"href":"https:\/\/aconteceunovale.com.br\/portal\/index.php?rest_route=%2Fwp%2Fv2%2Fcomments&post=49317"}],"version-history":[{"count":0,"href":"https:\/\/aconteceunovale.com.br\/portal\/index.php?rest_route=\/wp\/v2\/posts\/49317\/revisions"}],"wp:featuredmedia":[{"embeddable":true,"href":"https:\/\/aconteceunovale.com.br\/portal\/index.php?rest_route=\/wp\/v2\/media\/48148"}],"wp:attachment":[{"href":"https:\/\/aconteceunovale.com.br\/portal\/index.php?rest_route=%2Fwp%2Fv2%2Fmedia&parent=49317"}],"wp:term":[{"taxonomy":"category","embeddable":true,"href":"https:\/\/aconteceunovale.com.br\/portal\/index.php?rest_route=%2Fwp%2Fv2%2Fcategories&post=49317"},{"taxonomy":"post_tag","embeddable":true,"href":"https:\/\/aconteceunovale.com.br\/portal\/index.php?rest_route=%2Fwp%2Fv2%2Ftags&post=49317"}],"curies":[{"name":"wp","href":"https:\/\/api.w.org\/{rel}","templated":true}]}}