{"id":49302,"date":"2015-01-05T19:08:14","date_gmt":"2015-01-05T22:08:14","guid":{"rendered":"http:\/\/aconteceunovale.com.br\/portal\/?p=49302"},"modified":"2015-01-05T19:08:14","modified_gmt":"2015-01-05T22:08:14","slug":"corpos-de-adolescentes-que-se-afogaram-no-rio-jequitinhonha-sao-resgatados","status":"publish","type":"post","link":"https:\/\/aconteceunovale.com.br\/portal\/?p=49302","title":{"rendered":"Corpos de adolescentes que se afogaram no Rio Jequitinhonha s\u00e3o resgatados"},"content":{"rendered":"<h4><strong><em>Jovens foram arrastados pela correnteza na tarde de domingo (4). De acordo com o Corpo de Bombeiros, rio \u00e9 trai\u00e7oeiro devido \u00e0 presen\u00e7a de buracos em seu curso.<\/em><\/strong><\/h4>\n<p>Os corpos de dois dos tr\u00eas adolescentes, que se afogarem no Rio Jequitinhonha, em Itinga, foram resgatados nesta segunda-feira, 5 de janeiro. De acordo com informa\u00e7\u00f5es, na tarde de ontem (4), \u00cdcaro Alves de Souza, Diogo Figueiredo Pereira e Alan Luiz Pereira, nadavam no rio, quando foram arrastados pela forte correnteza.<\/p>\n<p>Uma das v\u00edtimas, Alan Luiz, chegou a ser socorrido por populares e encaminhado para atendimento m\u00e9dico na Policl\u00ednica Municipal de Itinga, onde uma equipe do Servi\u00e7o de Atendimento M\u00f3vel de Urg\u00eancia (SAMU) de Itaobim realizou procedimentos de reanima\u00e7\u00e3o, por\u00e9m n\u00e3o resistiu e veio a \u00f3bito. <\/p>\n<p>Os outros dois adolescentes desapareceram e foram resgatados nesta segunda-feira por moradores e militares do 4\u00ba Pelot\u00e3o do Corpo de Bombeiros, de Te\u00f3filo Otoni.<\/p>\n<h4>Rio trai\u00e7oeiro<\/h4>\n<p>Segundo o Corpo de Bombeiros, o rio \u00e9 trai\u00e7oeiro uma vez que h\u00e1 diversos buracos no decorrer de seu curso. Com o calor intenso registrado na regi\u00e3o, o Rio Jequitinhonha tem sido procurado por pessoas que buscam refresco, o que aumenta a incid\u00eancia de afogamentos.<\/p>\n","protected":false},"excerpt":{"rendered":"<p>Jovens foram arrastados pela correnteza na tarde de domingo (4). De acordo com o Corpo de Bombeiros, rio \u00e9 trai\u00e7oeiro devido \u00e0 presen\u00e7a de buracos em seu curso. Os corpos de dois dos tr\u00eas adolescentes, que se afogarem no Rio Jequitinhonha, em Itinga, foram resgatados nesta segunda-feira, 5 de janeiro. De acordo com informa\u00e7\u00f5es, na [&hellip;]<\/p>\n","protected":false},"author":1,"featured_media":49222,"comment_status":"open","ping_status":"closed","sticky":false,"template":"","format":"standard","meta":{"amp_status":"","footnotes":""},"categories":[120],"tags":[28911,28910,28847,28909,28846,28845,189,232],"class_list":["post-49302","post","type-post","status-publish","format-standard","has-post-thumbnail","hentry","category-jequi","tag-adolescentes-que-se-afogaram-em-itinga","tag-adolescentes-que-se-afogaram-no-rio-jequitinhonha","tag-alan-luiz-pereira","tag-corpos-de-adolescentes-que-se-afogaram-no-rio-jequitinhonha-sao-resgatados","tag-diogo-figueiredo-pereira","tag-icaro-alves-de-souza","tag-itinga","tag-rio-jequitinhonha"],"_links":{"self":[{"href":"https:\/\/aconteceunovale.com.br\/portal\/index.php?rest_route=\/wp\/v2\/posts\/49302","targetHints":{"allow":["GET"]}}],"collection":[{"href":"https:\/\/aconteceunovale.com.br\/portal\/index.php?rest_route=\/wp\/v2\/posts"}],"about":[{"href":"https:\/\/aconteceunovale.com.br\/portal\/index.php?rest_route=\/wp\/v2\/types\/post"}],"author":[{"embeddable":true,"href":"https:\/\/aconteceunovale.com.br\/portal\/index.php?rest_route=\/wp\/v2\/users\/1"}],"replies":[{"embeddable":true,"href":"https:\/\/aconteceunovale.com.br\/portal\/index.php?rest_route=%2Fwp%2Fv2%2Fcomments&post=49302"}],"version-history":[{"count":0,"href":"https:\/\/aconteceunovale.com.br\/portal\/index.php?rest_route=\/wp\/v2\/posts\/49302\/revisions"}],"wp:featuredmedia":[{"embeddable":true,"href":"https:\/\/aconteceunovale.com.br\/portal\/index.php?rest_route=\/wp\/v2\/media\/49222"}],"wp:attachment":[{"href":"https:\/\/aconteceunovale.com.br\/portal\/index.php?rest_route=%2Fwp%2Fv2%2Fmedia&parent=49302"}],"wp:term":[{"taxonomy":"category","embeddable":true,"href":"https:\/\/aconteceunovale.com.br\/portal\/index.php?rest_route=%2Fwp%2Fv2%2Fcategories&post=49302"},{"taxonomy":"post_tag","embeddable":true,"href":"https:\/\/aconteceunovale.com.br\/portal\/index.php?rest_route=%2Fwp%2Fv2%2Ftags&post=49302"}],"curies":[{"name":"wp","href":"https:\/\/api.w.org\/{rel}","templated":true}]}}