{"id":49300,"date":"2015-01-05T18:24:57","date_gmt":"2015-01-05T21:24:57","guid":{"rendered":"http:\/\/aconteceunovale.com.br\/portal\/?p=49300"},"modified":"2015-01-05T18:24:57","modified_gmt":"2015-01-05T21:24:57","slug":"corpo-de-homem-que-estava-desaparecido-ha-nove-dias-e-encontrado-no-norte-de-minas","status":"publish","type":"post","link":"https:\/\/aconteceunovale.com.br\/portal\/?p=49300","title":{"rendered":"Corpo de homem que estava desaparecido h\u00e1 nove dias \u00e9 encontrado no Norte de Minas"},"content":{"rendered":"<h4><strong><em>Corpo foi encontrado na zona rural de S\u00e3o Francisco. Causas da morte ainda n\u00e3o foram confirmadas pela per\u00edcia da Pol\u00edcia Civil.<\/em><\/strong><\/h4>\n<p>A Pol\u00edcia Civil de Janu\u00e1ria investiga as causas da morte de um homem, que estava desaparecido desde o dia 27 de dezembro, em S\u00e3o Francisco, Norte de Minas. De acordo com a Pol\u00edcia Militar, o corpo da v\u00edtima, de 22 anos, foi encontrado em uma ribanceira na comunidade de Lapa do Esp\u00edrito Santo na tarde desse domingo (4).<\/p>\n<p>Testemunhas disseram \u00e0 pol\u00edcia que a v\u00edtima foi vista pela \u00faltima vez em um bar com um homem na mesma comunidade. Ainda segundo os relatos, o homem \u00e9 o suposto autor do crime, j\u00e1 que testemunhas ouviram o filho dele afirmar que ele tinha feito algo com a v\u00edtima.<\/p>\n<p>Segundo o Boletim de Ocorr\u00eancia, os relatos afirmavam ainda que o suspeito pediu um carro\u00e7\u00e3o emprestado em uma fazenda, no qual tinha uma corda semelhante \u00e0 encontrada amarrada no corpo da v\u00edtima.<\/p>\n<p>A per\u00edcia da Pol\u00edcia Civil esteve no local, mas as causas da morte n\u00e3o foi confirmada. O corpo foi encaminhado ao Instituto M\u00e9dico Legal de Janu\u00e1ria, onde continua a per\u00edcia. (G1)<\/p>\n","protected":false},"excerpt":{"rendered":"<p>Corpo foi encontrado na zona rural de S\u00e3o Francisco. Causas da morte ainda n\u00e3o foram confirmadas pela per\u00edcia da Pol\u00edcia Civil. A Pol\u00edcia Civil de Janu\u00e1ria investiga as causas da morte de um homem, que estava desaparecido desde o dia 27 de dezembro, em S\u00e3o Francisco, Norte de Minas. De acordo com a Pol\u00edcia Militar, [&hellip;]<\/p>\n","protected":false},"author":1,"featured_media":42404,"comment_status":"open","ping_status":"closed","sticky":false,"template":"","format":"standard","meta":{"amp_status":"","footnotes":""},"categories":[1236],"tags":[28908,28907,205,1522],"class_list":["post-49300","post","type-post","status-publish","format-standard","has-post-thumbnail","hentry","category-norte_de_minas","tag-corpo-de-homem-que-estava-desaparecido-ha-nove-dias-e-encontrado-em-sao-francisco","tag-corpo-de-homem-que-estava-desaparecido-ha-nove-dias-e-encontrado-no-norte-de-minas","tag-januaria","tag-sao-francisco"],"_links":{"self":[{"href":"https:\/\/aconteceunovale.com.br\/portal\/index.php?rest_route=\/wp\/v2\/posts\/49300","targetHints":{"allow":["GET"]}}],"collection":[{"href":"https:\/\/aconteceunovale.com.br\/portal\/index.php?rest_route=\/wp\/v2\/posts"}],"about":[{"href":"https:\/\/aconteceunovale.com.br\/portal\/index.php?rest_route=\/wp\/v2\/types\/post"}],"author":[{"embeddable":true,"href":"https:\/\/aconteceunovale.com.br\/portal\/index.php?rest_route=\/wp\/v2\/users\/1"}],"replies":[{"embeddable":true,"href":"https:\/\/aconteceunovale.com.br\/portal\/index.php?rest_route=%2Fwp%2Fv2%2Fcomments&post=49300"}],"version-history":[{"count":0,"href":"https:\/\/aconteceunovale.com.br\/portal\/index.php?rest_route=\/wp\/v2\/posts\/49300\/revisions"}],"wp:featuredmedia":[{"embeddable":true,"href":"https:\/\/aconteceunovale.com.br\/portal\/index.php?rest_route=\/wp\/v2\/media\/42404"}],"wp:attachment":[{"href":"https:\/\/aconteceunovale.com.br\/portal\/index.php?rest_route=%2Fwp%2Fv2%2Fmedia&parent=49300"}],"wp:term":[{"taxonomy":"category","embeddable":true,"href":"https:\/\/aconteceunovale.com.br\/portal\/index.php?rest_route=%2Fwp%2Fv2%2Fcategories&post=49300"},{"taxonomy":"post_tag","embeddable":true,"href":"https:\/\/aconteceunovale.com.br\/portal\/index.php?rest_route=%2Fwp%2Fv2%2Ftags&post=49300"}],"curies":[{"name":"wp","href":"https:\/\/api.w.org\/{rel}","templated":true}]}}