{"id":49291,"date":"2015-01-05T18:09:12","date_gmt":"2015-01-05T21:09:12","guid":{"rendered":"http:\/\/aconteceunovale.com.br\/portal\/?p=49291"},"modified":"2015-01-05T18:09:12","modified_gmt":"2015-01-05T21:09:12","slug":"acidente-entre-tres-veiculos-deixa-motorista-preso-as-ferragens-na-br-135-proximo-a-curvelo","status":"publish","type":"post","link":"https:\/\/aconteceunovale.com.br\/portal\/?p=49291","title":{"rendered":"Acidente entre tr\u00eas ve\u00edculos deixa motorista preso \u00e0s ferragens na BR-135, pr\u00f3ximo a Curvelo"},"content":{"rendered":"<h4><strong><em>Carreta tentou desviar de um acidente no km 634 e tombou. Motorista e passageiro n\u00e3o se feriram, mas foram levados ao hospital.<\/em><\/strong><\/h4>\n<p>Um acidente envolvendo tr\u00eas ve\u00edculos provocou grande congestionamento na manh\u00e3 desta segunda-feira, 5 de janeiro, na BR-135, pr\u00f3ximo a Curvelo, Regi\u00e3o Central de Minas Gerais. Segundo o Corpo de Bombeiros, um ve\u00edculo de passeio bateu de frente com uma carreta no km 634 da rodovia. Outra carreta tentou desviar do acidente e capotou na pista. O motorista ficou preso \u00e0s ferragens.<\/p>\n<p>No ve\u00edculo que capotou estava ainda um passageiro. Apesar da gravidade da batida, segundo os bombeiros, ningu\u00e9m se feriu gravemente, mas os dois foram encaminhados para o hospital de Curvelo para receber atendimento m\u00e9dico.<\/p>\n<p>Os bombeiros informaram ainda que os envolvidos na batida tamb\u00e9m n\u00e3o se feriram e n\u00e3o precisaram receber atendimento m\u00e9dico. De acordo com testemunhas, o acidente provocou um engarrafamento que durou mais de duas horas. O tr\u00e2nsito no local j\u00e1 est\u00e1 normalizado.<\/p>\n<p><img decoding=\"async\" src=\"http:\/\/aconteceunovale.com.br\/portal\/wp-content\/uploads\/2015\/01\/acidente_curvelo_5_1.jpg\" alt=\"\" \/><em>Acidente aconteceu na BR-135, pr\u00f3ximo a Curvelo (Foto: Claudius Brand\u00e3o\/Arquivo pessoal)<\/em><br \/>\n<\/br><\/p>\n<p><strong><em>(Inter TV Grande Minas)<\/em><\/strong><\/p>\n","protected":false},"excerpt":{"rendered":"<p>Carreta tentou desviar de um acidente no km 634 e tombou. Motorista e passageiro n\u00e3o se feriram, mas foram levados ao hospital. Um acidente envolvendo tr\u00eas ve\u00edculos provocou grande congestionamento na manh\u00e3 desta segunda-feira, 5 de janeiro, na BR-135, pr\u00f3ximo a Curvelo, Regi\u00e3o Central de Minas Gerais. Segundo o Corpo de Bombeiros, um ve\u00edculo de [&hellip;]<\/p>\n","protected":false},"author":1,"featured_media":49292,"comment_status":"open","ping_status":"closed","sticky":false,"template":"","format":"standard","meta":{"amp_status":"","footnotes":""},"categories":[123],"tags":[28903,28904,197],"class_list":["post-49291","post","type-post","status-publish","format-standard","has-post-thumbnail","hentry","category-gerais","tag-acidente-entre-tres-veiculos-deixa-motorista-preso-as-ferragens-na-br-135","tag-acidente-entre-tres-veiculos-deixa-motorista-preso-as-ferragens-na-br-135-proximo-a-curvelo","tag-curvelo"],"_links":{"self":[{"href":"https:\/\/aconteceunovale.com.br\/portal\/index.php?rest_route=\/wp\/v2\/posts\/49291","targetHints":{"allow":["GET"]}}],"collection":[{"href":"https:\/\/aconteceunovale.com.br\/portal\/index.php?rest_route=\/wp\/v2\/posts"}],"about":[{"href":"https:\/\/aconteceunovale.com.br\/portal\/index.php?rest_route=\/wp\/v2\/types\/post"}],"author":[{"embeddable":true,"href":"https:\/\/aconteceunovale.com.br\/portal\/index.php?rest_route=\/wp\/v2\/users\/1"}],"replies":[{"embeddable":true,"href":"https:\/\/aconteceunovale.com.br\/portal\/index.php?rest_route=%2Fwp%2Fv2%2Fcomments&post=49291"}],"version-history":[{"count":0,"href":"https:\/\/aconteceunovale.com.br\/portal\/index.php?rest_route=\/wp\/v2\/posts\/49291\/revisions"}],"wp:featuredmedia":[{"embeddable":true,"href":"https:\/\/aconteceunovale.com.br\/portal\/index.php?rest_route=\/wp\/v2\/media\/49292"}],"wp:attachment":[{"href":"https:\/\/aconteceunovale.com.br\/portal\/index.php?rest_route=%2Fwp%2Fv2%2Fmedia&parent=49291"}],"wp:term":[{"taxonomy":"category","embeddable":true,"href":"https:\/\/aconteceunovale.com.br\/portal\/index.php?rest_route=%2Fwp%2Fv2%2Fcategories&post=49291"},{"taxonomy":"post_tag","embeddable":true,"href":"https:\/\/aconteceunovale.com.br\/portal\/index.php?rest_route=%2Fwp%2Fv2%2Ftags&post=49291"}],"curies":[{"name":"wp","href":"https:\/\/api.w.org\/{rel}","templated":true}]}}