{"id":49271,"date":"2015-01-05T13:30:13","date_gmt":"2015-01-05T16:30:13","guid":{"rendered":"http:\/\/aconteceunovale.com.br\/portal\/?p=49271"},"modified":"2015-01-05T13:34:16","modified_gmt":"2015-01-05T16:34:16","slug":"homem-e-assassinado-apos-discussao-em-bar-de-buritizeiro","status":"publish","type":"post","link":"https:\/\/aconteceunovale.com.br\/portal\/?p=49271","title":{"rendered":"Homem \u00e9 assassinado ap\u00f3s discuss\u00e3o em bar de Buritizeiro"},"content":{"rendered":"<h4><strong><em>Corpo foi encontrado ao lado de outro homem, que estava ferido. Em outra ocorr\u00eancia, 2 homens que roubavam fazenda foram feridos a tiros.<\/em><\/strong><\/h4>\n<p>Um homem foi morto com dois tiros no rosto, na madrugada desta segunda-feira (5), na Avenida Manoel Joaquim de Melo, em Buritizeiro (MG). Segundo a Pol\u00edcia Militar, ao lado dele foi encontrado ainda outro homem, ferido com um disparo no t\u00f3rax. As informa\u00e7\u00f5es s\u00e3o de que os dois discutiram em um bar e trocaram tiros. O Samu esteve no local e prestou o atendimento m\u00e9dico.<\/p>\n<p>Ainda na cidade, dois assaltantes, de 18 e 21 anos, ficaram feridos ap\u00f3s trocarem tiros com a PM, neste domingo (4). Eles foram presos. A pol\u00edcia recebeu den\u00fancias de que a dupla estava cometendo um roubo em uma fazenda. Ao perceber que a propriedade estava cercada, um dos criminosos atirou duas vezes, os militares revidaram.<\/p>\n<p>Ap\u00f3s a troca de tiros, eles seguiram de moto em alta velocidade pela propriedade, jogaram o ve\u00edculo em dire\u00e7\u00e3o aos PMs e dispararam mais tr\u00eas tiros. O motorista perdeu o controle da dire\u00e7\u00e3o e os dois ca\u00edram. Um deles estava ferido na perna e foi preso logo depois da queda. O outro, fugiu para um matagal, mas foi detido ao procurar atendimento m\u00e9dico no hospital da cidade, ele tinha um ferimento no ombro.<\/p>\n<p>A arma utilizada no assalto foi apreendida pela Pol\u00edcia Militar. (G1)<\/p>\n","protected":false},"excerpt":{"rendered":"<p>Corpo foi encontrado ao lado de outro homem, que estava ferido. Em outra ocorr\u00eancia, 2 homens que roubavam fazenda foram feridos a tiros. Um homem foi morto com dois tiros no rosto, na madrugada desta segunda-feira (5), na Avenida Manoel Joaquim de Melo, em Buritizeiro (MG). Segundo a Pol\u00edcia Militar, ao lado dele foi encontrado [&hellip;]<\/p>\n","protected":false},"author":1,"featured_media":42404,"comment_status":"open","ping_status":"closed","sticky":false,"template":"","format":"standard","meta":{"amp_status":"","footnotes":""},"categories":[1236],"tags":[1535,28894],"class_list":["post-49271","post","type-post","status-publish","format-standard","has-post-thumbnail","hentry","category-norte_de_minas","tag-buritizeiro","tag-homem-e-assassinado-apos-discussao-em-bar-de-buritizeiro"],"_links":{"self":[{"href":"https:\/\/aconteceunovale.com.br\/portal\/index.php?rest_route=\/wp\/v2\/posts\/49271","targetHints":{"allow":["GET"]}}],"collection":[{"href":"https:\/\/aconteceunovale.com.br\/portal\/index.php?rest_route=\/wp\/v2\/posts"}],"about":[{"href":"https:\/\/aconteceunovale.com.br\/portal\/index.php?rest_route=\/wp\/v2\/types\/post"}],"author":[{"embeddable":true,"href":"https:\/\/aconteceunovale.com.br\/portal\/index.php?rest_route=\/wp\/v2\/users\/1"}],"replies":[{"embeddable":true,"href":"https:\/\/aconteceunovale.com.br\/portal\/index.php?rest_route=%2Fwp%2Fv2%2Fcomments&post=49271"}],"version-history":[{"count":0,"href":"https:\/\/aconteceunovale.com.br\/portal\/index.php?rest_route=\/wp\/v2\/posts\/49271\/revisions"}],"wp:featuredmedia":[{"embeddable":true,"href":"https:\/\/aconteceunovale.com.br\/portal\/index.php?rest_route=\/wp\/v2\/media\/42404"}],"wp:attachment":[{"href":"https:\/\/aconteceunovale.com.br\/portal\/index.php?rest_route=%2Fwp%2Fv2%2Fmedia&parent=49271"}],"wp:term":[{"taxonomy":"category","embeddable":true,"href":"https:\/\/aconteceunovale.com.br\/portal\/index.php?rest_route=%2Fwp%2Fv2%2Fcategories&post=49271"},{"taxonomy":"post_tag","embeddable":true,"href":"https:\/\/aconteceunovale.com.br\/portal\/index.php?rest_route=%2Fwp%2Fv2%2Ftags&post=49271"}],"curies":[{"name":"wp","href":"https:\/\/api.w.org\/{rel}","templated":true}]}}