{"id":49269,"date":"2015-01-05T13:20:15","date_gmt":"2015-01-05T16:20:15","guid":{"rendered":"http:\/\/aconteceunovale.com.br\/portal\/?p=49269"},"modified":"2015-01-05T13:20:15","modified_gmt":"2015-01-05T16:20:15","slug":"tradicional-folia-de-reis-de-montes-claros-acontece-ate-o-dia-11-de-janeiro","status":"publish","type":"post","link":"https:\/\/aconteceunovale.com.br\/portal\/?p=49269","title":{"rendered":"Tradicional Folia de Reis de Montes Claros acontece at\u00e9 o dia 11 de janeiro"},"content":{"rendered":"<h4><strong><em>Programa\u00e7\u00e3o da festa come\u00e7a nesta segunda (5) e segue at\u00e9 domingo (11). Missas, barraquinhas e apresenta\u00e7\u00f5es ser\u00e3o realizadas.<\/em><\/strong><\/h4>\n<p>Em comemora\u00e7\u00e3o ao Dia de Santos Reis, celebrado pelos cat\u00f3licos em 6 de janeiro, a Par\u00f3quia de Santos Reis, em Montes Claros (MG), realiza nesta segunda-feira (5) o tradicional levantamento do mastro em honra aos santos. A Folia de Reis segue at\u00e9 o dia 11 de janeiro com missas, barraquinhas e apresenta\u00e7\u00f5es de foli\u00f5es, caboclas e pastorinhas.<\/p>\n<p>Celebrada h\u00e1 81 anos, a realiza\u00e7\u00e3o da Folia de Reis em Montes Claros tem sido um desafio, comenta um dos organizadores do evento. &#8220;V\u00e1rias pessoas t\u00eam vindo \u00e0 nossa folia, inclusive de outros pa\u00edses. Para continuarmos com a celebra\u00e7\u00e3o, criamos um grupo de folia para crian\u00e7as, pois tem sido desafiador, pois a globaliza\u00e7\u00e3o tem sufocado essa cultura&#8221;, comenta Erinaldo Gon\u00e7alves.<\/p>\n<p>De acordo com a tradi\u00e7\u00e3o cat\u00f3lica, Baltasar, Belquior e Gaspar, os tr\u00eas reis magos, foram guiados pela Estrela de Bel\u00e9m at\u00e9 o local onde Jesus teria nascido.  &#8220;Os reis s\u00e3o figuras importantes na b\u00edblia e para a igreja, porque eles representam todos os povos da face da terra&#8221;, diz o padre Reginaldo Cordeiro de Lima, respons\u00e1vel pela Par\u00f3quia santos Reis.<\/p>\n<p>O padre tamb\u00e9m confirma a dificuldade em dar continuidade \u00e0 tradi\u00e7\u00e3o, mas afirma que a Igreja t\u00eam se preocupado em mostrar aos crist\u00e3os o significado da data.<\/p>\n<p>&#8220;Temos realizado a evangeliza\u00e7\u00e3o para mostrar que Jesus est\u00e1 realmente na alma do povo. Hoje, vemos muitas folias superficiais e deturpadas. Temos trabalhado muito no sentido b\u00edblico dos foli\u00f5es que v\u00e3o adorar o Menino Jesus na manjedoura de Bel\u00e9m&#8221;, completa Reginaldo.<\/p>\n<h4>Confira a programa\u00e7\u00e3o at\u00e9 o dia 11 de janeiro<\/h4>\n<p><strong>Segunda-feira (5)<\/strong><br \/>\n&#8211; Missa \u00e0s 19h<br \/>\n&#8211; Busca da bandeira e levantamento do mastro.<br \/>\n&#8211; Dia dedicado aos Mordomos de Santos Reis.<br \/>\n&#8211; Evangeliza-show e barraquinhas.<br \/>\n&#8211; Visita de foli\u00f5es e pastorinhas a imagem do Menino Jesus e de Santos Reis.<\/p>\n<p><strong>Ter\u00e7a-feira (6)<\/strong><br \/>\n&#8211; Feir\u00e3o da fraternidade de Santos Reis \u00e0s 8h.<br \/>\n&#8211; Almo\u00e7o dos foli\u00f5es e pastorinhas \u00e0s 9h.<br \/>\n&#8211; Ch\u00e1 de Santos Reis \u00e0s 17h.<br \/>\n&#8211; Missa \u00e0s 19h.<\/p>\n<p><strong>Quarta-feira (7)<\/strong><br \/>\n&#8211; Missa \u00e0s 19h<br \/>\n&#8211; Apresenta\u00e7\u00e3o de foli\u00f5es e pastorinhas.<br \/>\n&#8211; Evangeliza-show.<\/p>\n<p><strong>Quinta-feira (8)<\/strong><br \/>\n&#8211; Missa \u00e0s 19h<br \/>\n&#8211; Apresenta\u00e7\u00e3o de foli\u00f5es e pastorinhas.<br \/>\n&#8211; Evangeliza-show.<\/p>\n<p><strong>Sexta-feira (9)<\/strong><br \/>\n&#8211; Missa \u00e0s 19h.<br \/>\n&#8211; Ter\u00e7o dos homens e Coral Infantil.<br \/>\n&#8211; Apresenta\u00e7\u00e3o de foli\u00f5es e pastorinhas.<br \/>\n&#8211; Evangeliza-show.<\/p>\n<p><strong>S\u00e1bado (10)<\/strong><br \/>\n&#8211; Feijoada \u00e0s 10h30<br \/>\n&#8211; Missa \u00e0s 19h.<br \/>\n&#8211; Apresenta\u00e7\u00e3o de foli\u00f5es e pastorinhas.<br \/>\n&#8211; Evangeliza-show.<\/p>\n<p><strong>Domingo (11)<\/strong><br \/>\n&#8211; Gincana paroquial \u00e0s 7h.<br \/>\n&#8211; Batizados \u00e0s 15h.<br \/>\n&#8211; Missa \u00e0s 19h.<br \/>\n&#8211; Apresenta\u00e7\u00e3o de foli\u00f5es e pastorinhas.<br \/>\n&#8211; Evangeliza-show.<\/p>\n<p><strong><em>(Fonte: Inter TV Grande Minas)<\/em><\/strong><\/p>\n","protected":false},"excerpt":{"rendered":"<p>Programa\u00e7\u00e3o da festa come\u00e7a nesta segunda (5) e segue at\u00e9 domingo (11). Missas, barraquinhas e apresenta\u00e7\u00f5es ser\u00e3o realizadas. Em comemora\u00e7\u00e3o ao Dia de Santos Reis, celebrado pelos cat\u00f3licos em 6 de janeiro, a Par\u00f3quia de Santos Reis, em Montes Claros (MG), realiza nesta segunda-feira (5) o tradicional levantamento do mastro em honra aos santos. A [&hellip;]<\/p>\n","protected":false},"author":1,"featured_media":19404,"comment_status":"open","ping_status":"closed","sticky":false,"template":"","format":"standard","meta":{"amp_status":"","footnotes":""},"categories":[1236],"tags":[28892,28891,210,28893,28890],"class_list":["post-49269","post","type-post","status-publish","format-standard","has-post-thumbnail","hentry","category-norte_de_minas","tag-dia-de-santos-reis","tag-folia-de-reis-de-montes-claros","tag-montes-claros","tag-paroquia-de-santos-reis","tag-tradicional-folia-de-reis-de-montes-claros-acontece-ate-o-dia-11-de-janeiro"],"_links":{"self":[{"href":"https:\/\/aconteceunovale.com.br\/portal\/index.php?rest_route=\/wp\/v2\/posts\/49269","targetHints":{"allow":["GET"]}}],"collection":[{"href":"https:\/\/aconteceunovale.com.br\/portal\/index.php?rest_route=\/wp\/v2\/posts"}],"about":[{"href":"https:\/\/aconteceunovale.com.br\/portal\/index.php?rest_route=\/wp\/v2\/types\/post"}],"author":[{"embeddable":true,"href":"https:\/\/aconteceunovale.com.br\/portal\/index.php?rest_route=\/wp\/v2\/users\/1"}],"replies":[{"embeddable":true,"href":"https:\/\/aconteceunovale.com.br\/portal\/index.php?rest_route=%2Fwp%2Fv2%2Fcomments&post=49269"}],"version-history":[{"count":0,"href":"https:\/\/aconteceunovale.com.br\/portal\/index.php?rest_route=\/wp\/v2\/posts\/49269\/revisions"}],"wp:featuredmedia":[{"embeddable":true,"href":"https:\/\/aconteceunovale.com.br\/portal\/index.php?rest_route=\/wp\/v2\/media\/19404"}],"wp:attachment":[{"href":"https:\/\/aconteceunovale.com.br\/portal\/index.php?rest_route=%2Fwp%2Fv2%2Fmedia&parent=49269"}],"wp:term":[{"taxonomy":"category","embeddable":true,"href":"https:\/\/aconteceunovale.com.br\/portal\/index.php?rest_route=%2Fwp%2Fv2%2Fcategories&post=49269"},{"taxonomy":"post_tag","embeddable":true,"href":"https:\/\/aconteceunovale.com.br\/portal\/index.php?rest_route=%2Fwp%2Fv2%2Ftags&post=49269"}],"curies":[{"name":"wp","href":"https:\/\/api.w.org\/{rel}","templated":true}]}}