{"id":49259,"date":"2015-01-05T12:23:24","date_gmt":"2015-01-05T15:23:24","guid":{"rendered":"http:\/\/aconteceunovale.com.br\/portal\/?p=49259"},"modified":"2015-01-05T12:23:24","modified_gmt":"2015-01-05T15:23:24","slug":"jovens-inabilitados-sao-presos-apos-briga-de-transito-em-montes-claros","status":"publish","type":"post","link":"https:\/\/aconteceunovale.com.br\/portal\/?p=49259","title":{"rendered":"Jovens inabilitados s\u00e3o presos ap\u00f3s briga de tr\u00e2nsito em Montes Claros"},"content":{"rendered":"<h4><strong><em>Uma crian\u00e7a estava no carro, sem cadeirinha, mas n\u00e3o ficou ferida. Uma mulher era carona na moto e tamb\u00e9m n\u00e3o se machucou.<\/em><\/strong><\/h4>\n<p>Dois jovens inabilitados foram presos ap\u00f3s um acidente de tr\u00e2nsito, nesse domingo (4), em Montes Claros, no Norte de Minas Gerais. De acordo com a Pol\u00edcia Militar (PM), depois de colidirem, os motoristas se agrediram fisicamente.<\/p>\n<p>A colis\u00e3o aconteceu na avenida Deputado Pl\u00ednio Ribeiro, na altura do bairro Vera Cruz. O condutor do Ford Ka azul, G.G.J, de 22 anos, relatou que seguia pela avenida no sentido bairro, quando visualizou uma motocicleta no meio da via. Ficou nervoso com a situa\u00e7\u00e3o e jogou o ve\u00edculo contra a moto. Na vers\u00e3o do motociclista M.D.V.R, de 21 anos, ele seguia na frente do carro, quando este veio para cima dele.<\/p>\n<p>Depois da batida, os condutores come\u00e7aram a brigar. Os dois foram contidos, presos e encaminhados para delegacia de Pol\u00edcia Civil.<\/p>\n<p>No carro, estava uma crian\u00e7a que n\u00e3o fazia uso de cadeirinha. Ela n\u00e3o se feriu, assim como a garupeira da moto, mulher do condutor. <\/p>\n<p><em>(O Tempo)<\/em><\/p>\n","protected":false},"excerpt":{"rendered":"<p>Uma crian\u00e7a estava no carro, sem cadeirinha, mas n\u00e3o ficou ferida. Uma mulher era carona na moto e tamb\u00e9m n\u00e3o se machucou. Dois jovens inabilitados foram presos ap\u00f3s um acidente de tr\u00e2nsito, nesse domingo (4), em Montes Claros, no Norte de Minas Gerais. De acordo com a Pol\u00edcia Militar (PM), depois de colidirem, os motoristas [&hellip;]<\/p>\n","protected":false},"author":1,"featured_media":19256,"comment_status":"open","ping_status":"closed","sticky":false,"template":"","format":"standard","meta":{"amp_status":"","footnotes":""},"categories":[1236],"tags":[28888,210],"class_list":["post-49259","post","type-post","status-publish","format-standard","has-post-thumbnail","hentry","category-norte_de_minas","tag-jovens-inabilitados-sao-presos-apos-briga-de-transito-em-montes-claros","tag-montes-claros"],"_links":{"self":[{"href":"https:\/\/aconteceunovale.com.br\/portal\/index.php?rest_route=\/wp\/v2\/posts\/49259","targetHints":{"allow":["GET"]}}],"collection":[{"href":"https:\/\/aconteceunovale.com.br\/portal\/index.php?rest_route=\/wp\/v2\/posts"}],"about":[{"href":"https:\/\/aconteceunovale.com.br\/portal\/index.php?rest_route=\/wp\/v2\/types\/post"}],"author":[{"embeddable":true,"href":"https:\/\/aconteceunovale.com.br\/portal\/index.php?rest_route=\/wp\/v2\/users\/1"}],"replies":[{"embeddable":true,"href":"https:\/\/aconteceunovale.com.br\/portal\/index.php?rest_route=%2Fwp%2Fv2%2Fcomments&post=49259"}],"version-history":[{"count":0,"href":"https:\/\/aconteceunovale.com.br\/portal\/index.php?rest_route=\/wp\/v2\/posts\/49259\/revisions"}],"wp:featuredmedia":[{"embeddable":true,"href":"https:\/\/aconteceunovale.com.br\/portal\/index.php?rest_route=\/wp\/v2\/media\/19256"}],"wp:attachment":[{"href":"https:\/\/aconteceunovale.com.br\/portal\/index.php?rest_route=%2Fwp%2Fv2%2Fmedia&parent=49259"}],"wp:term":[{"taxonomy":"category","embeddable":true,"href":"https:\/\/aconteceunovale.com.br\/portal\/index.php?rest_route=%2Fwp%2Fv2%2Fcategories&post=49259"},{"taxonomy":"post_tag","embeddable":true,"href":"https:\/\/aconteceunovale.com.br\/portal\/index.php?rest_route=%2Fwp%2Fv2%2Ftags&post=49259"}],"curies":[{"name":"wp","href":"https:\/\/api.w.org\/{rel}","templated":true}]}}