{"id":49254,"date":"2015-01-05T11:48:38","date_gmt":"2015-01-05T14:48:38","guid":{"rendered":"http:\/\/aconteceunovale.com.br\/portal\/?p=49254"},"modified":"2015-01-05T11:48:38","modified_gmt":"2015-01-05T14:48:38","slug":"inscricoes-para-o-sisu-e-prouni-comecam-na-segunda-quinzena-de-janeiro","status":"publish","type":"post","link":"https:\/\/aconteceunovale.com.br\/portal\/?p=49254","title":{"rendered":"Inscri\u00e7\u00f5es para o SiSU e ProUni come\u00e7am na segunda quinzena de janeiro"},"content":{"rendered":"<p>A partir do dia 19 de janeiro estar\u00e3o abertas as inscri\u00e7\u00f5es para a primeira edi\u00e7\u00e3o de 2015 do Sistema de Sele\u00e7\u00e3o Unificada (Sisu). As inscri\u00e7\u00f5es ser\u00e3o feitas exclusivamente pela internet no\u00a0<em>site<\/em><a href=\"http:\/\/www.sisu.mec.gov.br\/\" target=\"_blank\">www.sisu.mec.gov.br<\/a>\u00a0e o prazo se encerra no dia 22 de janeiro. O resultado ser\u00e1 divulgado no final de janeiro. O edital desta edi\u00e7\u00e3o do Sisu est\u00e1 publicado hoje (5) no\u00a0<em><a href=\"http:\/\/pesquisa.in.gov.br\/imprensa\/jsp\/visualiza\/index.jsp?data=05\/01\/2015&amp;jornal=3&amp;pagina=23&amp;totalArquivos=112\" target=\"_blank\">Di\u00e1rio Oficial da Uni\u00e3o<\/a>.<\/em><\/p>\n<p>Poder\u00e1 se inscrever quem fez o Exame Nacional do Ensino M\u00e9dio (Enem) de 2014 e n\u00e3o tirou nota zero na reda\u00e7\u00e3o. Por meio do Sisu, os estudantes participantes do Enem concorrem a vagas de ensino superior em institui\u00e7\u00f5es p\u00fablicas.<\/p>\n<p>Ao se inscrever no Sisu, o participante pode escolher at\u00e9 duas op\u00e7\u00f5es de curso, por ordem de prefer\u00eancia. \u00c9 poss\u00edvel mudar essas op\u00e7\u00f5es durante todo o per\u00edodo de inscri\u00e7\u00e3o. O candidato tamb\u00e9m precisa definir se deseja concorrer \u00e0s vagas de ampla concorr\u00eancia, \u00e0s vagas reservadas \u00e0 lei federal de cotas ou \u00e0s vagas destinadas \u00e0s demais pol\u00edticas afirmativas das institui\u00e7\u00f5es.<\/p>\n<p>O resultado da chamada regular do Sisu ser\u00e1 divulgado no dia 26 de janeiro e a matr\u00edcula dever\u00e1 ser feita nos dias 30 de janeiro, 2 e 3 de fevereiro. N\u00e3o haver\u00e1 segunda chamada, como ocorreu nas edi\u00e7\u00f5es anteriores. Para participar da lista de espera, o estudante dever\u00e1 manifestar interesse na p\u00e1gina do Sisu, na internet, de 26 de janeiro a 6 de fevereiro. O estudante somente poder\u00e1 manifestar interesse na lista de espera para o curso correspondente a sua primeira op\u00e7\u00e3o.<\/p>\n<p><strong><\/p>\n<h4>Inscri\u00e7\u00f5es para o ProUni<\/h4>\n<p><\/strong><\/p>\n<p>As inscri\u00e7\u00f5es para os candidatos a bolsas do Programa Universidade para Todos (ProUni) do primeiro semestre de 2015 ser\u00e3o abertas no dia 26 de janeiro e poder\u00e3o ser feitas at\u00e9 29 de janeiro. A inscri\u00e7\u00e3o \u00e9 gratuita e feita exclusivamente pela internet, no\u00a0<a href=\"http:\/\/siteprouni.mec.gov.br\/\" target=\"_blank\"><em>site<\/em>\u00a0do programa<\/a>. O edital com o cronograma est\u00e1 publicado na edi\u00e7\u00e3o de hoje (5) do\u00a0<em>Di\u00e1rio Oficial da Uni\u00e3o<\/em>.<\/p>\n<p>O programa ter\u00e1 duas chamadas. O resultado da primeira chamada ser\u00e1 divulgado no dia 2 de fevereiro e o da segunda, no dia 19 de fevereiro. O estudante poder\u00e1 consultar o resultado na p\u00e1gina do Prouni, na internet. O programa concede bolsas de estudo integrais e parciais em institui\u00e7\u00f5es privadas de ensino superior.<\/p>\n<p>Podem concorrer \u00e0s bolsas os estudantes que cursaram o ensino m\u00e9dio na rede p\u00fablica ou na rede particular, na condi\u00e7\u00e3o de bolsista integral. Para concorrer \u00e0s bolsas integrais, o candidato deve comprovar renda bruta familiar, por pessoa, at\u00e9 um sal\u00e1rio m\u00ednimo e meio. Para as bolsas parciais, no valor de 50% da mensalidade, a renda bruta familiar deve ser at\u00e9 tr\u00eas sal\u00e1rios m\u00ednimos.<\/p>\n<p>Para se inscrever, o candidato deve ter participado do Exame Nacional do Ensino M\u00e9dio (Enem) de 2014 e obtido, no m\u00ednimo, 450 pontos na m\u00e9dia das notas. Al\u00e9m disso, n\u00e3o pode ter tirado nota 0 na reda\u00e7\u00e3o. Outra condi\u00e7\u00e3o \u00e9 que ainda n\u00e3o tenha diploma de curso superior.<\/p>\n<p>Professores do quadro permanente da rede p\u00fablica de ensino, que concorrerem a cursos de licenciatura, tamb\u00e9m podem participar do ProUni. Nesse caso, n\u00e3o \u00e9 necess\u00e1rio comprovar renda.<\/p>\n<p><strong><em>(Ag\u00eancia Brasil)<\/em><\/strong><\/p>\n","protected":false},"excerpt":{"rendered":"<p>A partir do dia 19 de janeiro estar\u00e3o abertas as inscri\u00e7\u00f5es para a primeira edi\u00e7\u00e3o de 2015 do Sistema de Sele\u00e7\u00e3o Unificada (Sisu). As inscri\u00e7\u00f5es ser\u00e3o feitas exclusivamente pela internet no\u00a0sitewww.sisu.mec.gov.br\u00a0e o prazo se encerra no dia 22 de janeiro. O resultado ser\u00e1 divulgado no final de janeiro. O edital desta edi\u00e7\u00e3o do Sisu est\u00e1 [&hellip;]<\/p>\n","protected":false},"author":1,"featured_media":49255,"comment_status":"open","ping_status":"closed","sticky":false,"template":"","format":"standard","meta":{"amp_status":"","footnotes":""},"categories":[6],"tags":[13425,524,19660,19776,28879,28878,28882,2782,28877,28881,8571,2868,28880,2323],"class_list":["post-49254","post","type-post","status-publish","format-standard","has-post-thumbnail","hentry","category-br","tag-educacao","tag-enem","tag-estudantes","tag-exame-nacional-do-ensino-medio","tag-inscricoes","tag-inscricoes-para-o-prouni","tag-inscricoes-para-o-prouni-comecam-no-dia-26-de-janeiro","tag-inscricoes-para-o-sisu","tag-inscricoes-para-o-sisu-e-prouni-comecam-na-segunda-quinzena-de-janeiro","tag-inscricoes-para-o-sisu-estarao-abertas-a-partir-de-19-de-janeiro","tag-programa-universidade-para-todos","tag-prouni","tag-sistema-de-selecao-unificada","tag-sisu"],"_links":{"self":[{"href":"https:\/\/aconteceunovale.com.br\/portal\/index.php?rest_route=\/wp\/v2\/posts\/49254","targetHints":{"allow":["GET"]}}],"collection":[{"href":"https:\/\/aconteceunovale.com.br\/portal\/index.php?rest_route=\/wp\/v2\/posts"}],"about":[{"href":"https:\/\/aconteceunovale.com.br\/portal\/index.php?rest_route=\/wp\/v2\/types\/post"}],"author":[{"embeddable":true,"href":"https:\/\/aconteceunovale.com.br\/portal\/index.php?rest_route=\/wp\/v2\/users\/1"}],"replies":[{"embeddable":true,"href":"https:\/\/aconteceunovale.com.br\/portal\/index.php?rest_route=%2Fwp%2Fv2%2Fcomments&post=49254"}],"version-history":[{"count":0,"href":"https:\/\/aconteceunovale.com.br\/portal\/index.php?rest_route=\/wp\/v2\/posts\/49254\/revisions"}],"wp:featuredmedia":[{"embeddable":true,"href":"https:\/\/aconteceunovale.com.br\/portal\/index.php?rest_route=\/wp\/v2\/media\/49255"}],"wp:attachment":[{"href":"https:\/\/aconteceunovale.com.br\/portal\/index.php?rest_route=%2Fwp%2Fv2%2Fmedia&parent=49254"}],"wp:term":[{"taxonomy":"category","embeddable":true,"href":"https:\/\/aconteceunovale.com.br\/portal\/index.php?rest_route=%2Fwp%2Fv2%2Fcategories&post=49254"},{"taxonomy":"post_tag","embeddable":true,"href":"https:\/\/aconteceunovale.com.br\/portal\/index.php?rest_route=%2Fwp%2Fv2%2Ftags&post=49254"}],"curies":[{"name":"wp","href":"https:\/\/api.w.org\/{rel}","templated":true}]}}