{"id":49210,"date":"2015-01-04T22:29:42","date_gmt":"2015-01-05T01:29:42","guid":{"rendered":"http:\/\/aconteceunovale.com.br\/portal\/?p=49210"},"modified":"2015-01-04T22:39:25","modified_gmt":"2015-01-05T01:39:25","slug":"pelo-menos-nove-pessoas-morreram-em-acidentes-registrados-nas-rodovias-mineiras-neste-domingo","status":"publish","type":"post","link":"https:\/\/aconteceunovale.com.br\/portal\/?p=49210","title":{"rendered":"Pelo menos nove pessoas morreram em acidentes registrados nas rodovias mineiras neste domingo"},"content":{"rendered":"<h4><strong><em>O caso mais grave aconteceu na BR-040, em Caranda\u00ed, onde cinco pessoas da mesma fam\u00edlia morreram. Na MG-129, no munic\u00edpio de Catas Altas, tr\u00eas pessoas morreram e cinco ficaram feridas no acidente entre dois carros.<\/em><\/strong><\/h4>\n<p>Pelo menos nove pessoas morreram e quatorze ficaram feridas em acidentes registrados neste domingo, 4 de janeiro, nas rodovias que cortam o estado de Minas Gerais. Em Caranda\u00ed, cinco pessoas morreram em um acidente envolvendo tr\u00eas carros e uma carreta. Em Catas Altas, tr\u00eas pessoas morreram na colis\u00e3o frontal entre dois carros. Em Nova Lima, um homem morreu e uma mulher ficou gravemente ferida.<\/p>\n<p><img decoding=\"async\" src=\"http:\/\/aconteceunovale.com.br\/portal\/wp-content\/uploads\/2015\/01\/acidentes_domingo_4_1_5.jpg\" alt=\"\" \/><em>Cinco pessoas da mesma fam\u00edlia morreram no acidente pr\u00f3ximo a Caranda\u00ed &#8211; Foto: CDI News<\/em><br \/>\n<\/br><\/p>\n<h4>Em Caranda\u00ed<\/h4>\n<p>O caso mais grave ocorreu em na altura do quil\u00f4metro 672 da BR-040, em Caranda\u00ed, na regi\u00e3o Central. A colis\u00e3o entre tr\u00eas carros de passeio e uma carreta matou cinco pessoas de uma mesma fam\u00edlia e deixou outras seis feridas. <\/p>\n<p>Todas as pessoas que morreram estavam em um Fiat Siena, placas OPT-2278, de Belo Horizonte. Conforme o subtenente Vanderlei Barros, da 2\u00aa Cia do 4\u00ba Batalh\u00e3o dos bombeiros de Juiz de Fora, os dois homens e as duas mulheres estavam utilizando o cinto de seguran\u00e7a. O beb\u00ea de 1 ano e seis meses estava na cadeirinha de crian\u00e7a no banco de tr\u00e1s. Por\u00e9m, eles n\u00e3o resistiram aos ferimentos e morreram no local. <\/p>\n<p>A fam\u00edlia havia passado o feriado prolongado na praia e estava voltando para Belo Horizonte, onde morava. Todos os corpos foram encaminhados para a funer\u00e1ria de Barbacena.<\/p>\n<p>O caminhoneiro, o condutor do Fiat Bravo, placas LNI-4727 Petr\u00f3polis, e os quatro ocupantes do Volkswagen Gol, placas, OQB-7083 de Contagem, foram encaminhados para atendimento m\u00e9dico no Hospital Regional de Barbacena.<\/p>\n<p><img decoding=\"async\" src=\"http:\/\/aconteceunovale.com.br\/portal\/wp-content\/uploads\/2015\/01\/acidentes_domingo_4_1_6.jpg\" alt=\"\" \/><em>Cinco pessoas da mesma fam\u00edlia morreram no acidente pr\u00f3ximo a Caranda\u00ed &#8211; Foto: CDI News<\/em><br \/>\n<\/br><\/p>\n<h4>Em Catas Altas<\/h4>\n<p>Na MG-129, tr\u00eas pessoas morreram e cinco ficaram feridas no acidente entre dois carros, pr\u00f3ximo \u00e0 cidade Catas Altas, Regi\u00e3o Central do Estado. Um Fiat Palio preto, placa HCW-0246, de Jo\u00e3o Monlevade, e um Gol prata, placa GQG-0284, de Catas Altas, colidiram frontalmente na altura do quil\u00f4metro 91, por volta das 15 horas.<\/p>\n<p><img decoding=\"async\" src=\"http:\/\/aconteceunovale.com.br\/portal\/wp-content\/uploads\/2015\/01\/acidentes_domingo_4_1_1.jpg\" alt=\"\" \/><em>Tr\u00eas pessoas morreram no acidente envolvendo dois ve\u00edculos na MG-129 &#8211; Foto: Martinho\/via WhatsApp<\/em><br \/>\n<\/br><\/p>\n<p>No Palio estavam Marco Tulio, condutor, Renata Fernandes, 22 anos, que morreu no local, Nat\u00e1lia Fernandes, 20, e uma crian\u00e7a de 6 anos, que morreu a caminho de Santa B\u00e1rbara. A menina estava sendo socorrida pela av\u00f3, que viajava em outro carro atr\u00e1s e presenciou o acidente.<\/p>\n<p>O Gol era conduzido por Silvano Geraldo Teodoro, de 45 anos, que tamb\u00e9m morreu na colis\u00e3o. Duas crian\u00e7as de cinco anos e uma de 12 que viajavam no ve\u00edculo ficaram feridas e foram socorridas a hospitais da regi\u00e3o.<\/p>\n<p><img decoding=\"async\" src=\"http:\/\/aconteceunovale.com.br\/portal\/wp-content\/uploads\/2015\/01\/acidentes_domingo_4_1_3.jpg\" alt=\"\" \/><em>Tr\u00eas pessoas morreram no acidente envolvendo dois ve\u00edculos na MG-129 &#8211; Foto: Martinho\/via WhatsApp<\/em><br \/>\n<\/br><\/p>\n<h4>Em Itabira<\/h4>\n<p>Por volta das 16h30, um acidente entre um carro e um caminh\u00e3o deixou o tr\u00e2nsito complicado na BR-381, altura do trevo de Itabira, pr\u00f3ximo ao Posto Gauch\u00e3o. Maria Eunice Oliveira Cunha Silva e o filho dela, Gabriel Cunha Silva, ficaram presos \u00e0s ferragens e sofreram escoria\u00e7\u00f5es. Eles foram encaminhados ao Hospital Nossa Senhora das Dores.<\/p>\n<h4>Em Nova Lima<\/h4>\n<p>Um homem morreu e uma mulher ficou gravemente ferida no acidente entre um Fiat Uno e uma carreta, na tarde deste domingo, na BR-040, em Nova Lima, Regi\u00e3o Metropolitana de Belo Horizonte. A batida aconteceu na altura do km 568, pr\u00f3ximo \u00e0 entrada do Restaurante Topo do Mundo.<\/p>\n<p>De acordo com a Pol\u00edcia Rodovi\u00e1ria Federal (PRF), chovia bastante na hora do acidente. O Fiat Uno, que seguia sentido Belo Horizonte, teria rodado na pista e colidido de frente com a carreta, que seguia sentido Rio de Janeiro.<\/p>\n<p><img decoding=\"async\" src=\"http:\/\/aconteceunovale.com.br\/portal\/wp-content\/uploads\/2015\/01\/acidentes_domingo_4_1_4.jpg\" alt=\"\" \/><em>Uma pessoa morreu e outra ficou gravemente ferida em Nova Lima &#8211; Foto: Moises Silva\/O Tempo<\/em><br \/>\n<\/br><\/p>\n<p>Cristiane Runa de Oliveira, de 24 anos, sofreu traumatismo craniano encef\u00e1lico grave e recebeu os primeiros socorros de uma ambul\u00e2ncia da Via 040, concession\u00e1ria respons\u00e1vel pelo trecho. Por volta das 16h30, ela ainda aguardava o helic\u00f3ptero de resgate que a levaria para o Hospital Jo\u00e3o XXIII. <\/p>\n<p>O motorista do carro, Rodrigo de Jesus Silva, de 27 anos, morreu no local. Uma cadelinha, que viajava no banco de tr\u00e1s do ve\u00edculo, tamb\u00e9m morreu no acidente.<\/p>\n<p>J\u00e1 o motorista da carreta, Alex Barbosa Veloso, de 26 anos, n\u00e3o se feriu. Ele contou que dirigia a uma velocidade de cerca de 30km\/h na hora da colis\u00e3o. &#8220;Estava chovendo muito forte e como o trecho \u00e9 uma leve subida, eu ia devagar. De repente, vi o vulto de um carro escuro \u00e0 minha frente. Era o Uno, que vinha rodando e bateu de frente com a carreta. At\u00e9 tentei desviar, mas n\u00e3o teve jeito&#8221;, relatou.<\/p>\n<p>De acordo com o motorista, logo ap\u00f3s o acidente, ele ficou em p\u00e2nico e acionou a pol\u00edcia rapidamente. &#8220;Nunca sofri um acidente. Essa situa\u00e7\u00e3o foi muito frustrante, principalmente porque houve v\u00edtima&#8221;, contou.<\/p>\n<p><img decoding=\"async\" src=\"http:\/\/aconteceunovale.com.br\/portal\/wp-content\/uploads\/2015\/01\/acidentes_domingo_4_1_2.jpg\" alt=\"\" \/><em>Uma pessoa morreu e outra ficou gravemente ferida em Nova Lima &#8211; Foto: Moises Silva\/O Tempo<\/em><br \/>\n<\/br><\/p>\n<p><strong><em>(Fonte: O Tempo, Estado de Minas, Corpo de Bombeiros, Defato e PRF)<\/em><\/strong><\/p>\n","protected":false},"excerpt":{"rendered":"<p>O caso mais grave aconteceu na BR-040, em Caranda\u00ed, onde cinco pessoas da mesma fam\u00edlia morreram. Na MG-129, no munic\u00edpio de Catas Altas, tr\u00eas pessoas morreram e cinco ficaram feridas no acidente entre dois carros. Pelo menos nove pessoas morreram e quatorze ficaram feridas em acidentes registrados neste domingo, 4 de janeiro, nas rodovias que [&hellip;]<\/p>\n","protected":false},"author":1,"featured_media":49218,"comment_status":"open","ping_status":"closed","sticky":false,"template":"","format":"standard","meta":{"amp_status":"","footnotes":""},"categories":[123],"tags":[28830,28842,28827,28825,28829,28837,27492,28826,28840,1525,193,194,1526,6462,28828,956,28838,28836,1102,206,28831,28835,28833,1496,28841,10897,28832,28839,3693,28834],"class_list":["post-49210","post","type-post","status-publish","format-standard","has-post-thumbnail","hentry","category-gerais","tag-acidente-com-familia-de-barao-de-cocais","tag-acidente-com-familia-de-belo-horizonte","tag-acidente-com-familia-de-belo-horizonte-em-carandai","tag-acidente-em-carandai","tag-acidente-em-catas-altas","tag-acidente-em-itabira","tag-acidente-em-nova-lima","tag-acidente-proximo-a-carandai","tag-alex-barbosa-veloso","tag-barao-de-cocais","tag-barbacena","tag-belo-horizonte","tag-carandai","tag-catas-altas","tag-cinco-pessoas-da-mesma-familia-de-belo-horizonte-morrem-em-acidente-proximo-a-carandai","tag-contagem","tag-cristiane-runa-de-oliveira","tag-gabriel-cunha-silva","tag-joao-monlevade","tag-juiz-de-fora","tag-marco-tulio","tag-maria-eunice-oliveira-cunha-silva","tag-natalia-fernandes","tag-nova-lima","tag-pelo-menos-nove-pessoas-morreram-em-acidentes-registrados-nas-rodovias-mineiras-neste-domingo","tag-petropolis","tag-renata-fernandes","tag-rodrigo-de-jesus-silva","tag-santa-barbara","tag-silvano-geraldo-teodoro"],"_links":{"self":[{"href":"https:\/\/aconteceunovale.com.br\/portal\/index.php?rest_route=\/wp\/v2\/posts\/49210","targetHints":{"allow":["GET"]}}],"collection":[{"href":"https:\/\/aconteceunovale.com.br\/portal\/index.php?rest_route=\/wp\/v2\/posts"}],"about":[{"href":"https:\/\/aconteceunovale.com.br\/portal\/index.php?rest_route=\/wp\/v2\/types\/post"}],"author":[{"embeddable":true,"href":"https:\/\/aconteceunovale.com.br\/portal\/index.php?rest_route=\/wp\/v2\/users\/1"}],"replies":[{"embeddable":true,"href":"https:\/\/aconteceunovale.com.br\/portal\/index.php?rest_route=%2Fwp%2Fv2%2Fcomments&post=49210"}],"version-history":[{"count":0,"href":"https:\/\/aconteceunovale.com.br\/portal\/index.php?rest_route=\/wp\/v2\/posts\/49210\/revisions"}],"wp:featuredmedia":[{"embeddable":true,"href":"https:\/\/aconteceunovale.com.br\/portal\/index.php?rest_route=\/wp\/v2\/media\/49218"}],"wp:attachment":[{"href":"https:\/\/aconteceunovale.com.br\/portal\/index.php?rest_route=%2Fwp%2Fv2%2Fmedia&parent=49210"}],"wp:term":[{"taxonomy":"category","embeddable":true,"href":"https:\/\/aconteceunovale.com.br\/portal\/index.php?rest_route=%2Fwp%2Fv2%2Fcategories&post=49210"},{"taxonomy":"post_tag","embeddable":true,"href":"https:\/\/aconteceunovale.com.br\/portal\/index.php?rest_route=%2Fwp%2Fv2%2Ftags&post=49210"}],"curies":[{"name":"wp","href":"https:\/\/api.w.org\/{rel}","templated":true}]}}