{"id":49157,"date":"2015-01-03T12:20:03","date_gmt":"2015-01-03T15:20:03","guid":{"rendered":"http:\/\/aconteceunovale.com.br\/portal\/?p=49157"},"modified":"2015-01-03T12:20:03","modified_gmt":"2015-01-03T15:20:03","slug":"homem-aranha-e-preso-pela-policia-militar-no-norte-de-minas","status":"publish","type":"post","link":"https:\/\/aconteceunovale.com.br\/portal\/?p=49157","title":{"rendered":"&#8220;Homem-Aranha&#8221; \u00e9 preso pela Pol\u00edcia Militar no Norte de Minas"},"content":{"rendered":"<h4><strong><em>O rapaz era especialista em escalar pr\u00e9dios e invadir os apartamentos.<\/em><\/strong><\/h4>\n<p>A pol\u00edcia de Minas Gerais prendeu um bandido conhecido como &#8220;homem-aranha&#8221; em Montes Claros, no norte do Estado. Josimar Oliveira Santana ganhou o apelido porque \u00e9 especialista em escalar pr\u00e9dios para invadir apartamentos, que n\u00e3o possu\u00edam c\u00e2meras de seguran\u00e7a.<\/p>\n<p>Conforme a Pol\u00edcia Militar, o &#8220;homem-aranha&#8221; sempre agia da mesma forma: pulava muros e escalava paredes para invadir as casas de classe m\u00e9dia alta da cidade.<\/p>\n<p>Com o criminoso foram encontrados rel\u00f3gios, um capacete, equipamentos eletr\u00f4nicos, um carro e uma moto. Jo\u00e3o Batista Oliveira Silva, de 34 anos, tamb\u00e9m foi preso por auxiliar Josimar nos roubos.<\/p>\n<p>Dentro da viatura, o suspeito negou o envolvimento nos crimes. &#8220;N\u00e3o sou ladr\u00e3o. Garanto que n\u00e3o entrei nessas casas&#8221;, disse o suspeito.<\/p>\n<p>A pol\u00edcia trabalha agora para identificar outros poss\u00edveis comparsas do &#8220;homem-aranha&#8221; e localizar os receptores das mercadorias roubadas.<\/p>\n<p><img decoding=\"async\" src=\"http:\/\/aconteceunovale.com.br\/portal\/wp-content\/uploads\/2015\/01\/homem_aranha_moc.jpeg\" alt=\"\" \/><em>Josimar Oliveira Santana ganhou o apelido de &#8220;homem-aranha&#8221; &#8211; Foto: Record Minas<\/em><br \/>\n<\/br><\/p>\n<p><strong><em>(Fonte: Record Minas)<\/em><\/strong><\/p>\n","protected":false},"excerpt":{"rendered":"<p>O rapaz era especialista em escalar pr\u00e9dios e invadir os apartamentos. A pol\u00edcia de Minas Gerais prendeu um bandido conhecido como &#8220;homem-aranha&#8221; em Montes Claros, no norte do Estado. Josimar Oliveira Santana ganhou o apelido porque \u00e9 especialista em escalar pr\u00e9dios para invadir apartamentos, que n\u00e3o possu\u00edam c\u00e2meras de seguran\u00e7a. Conforme a Pol\u00edcia Militar, o [&hellip;]<\/p>\n","protected":false},"author":1,"featured_media":49158,"comment_status":"open","ping_status":"closed","sticky":false,"template":"","format":"standard","meta":{"amp_status":"","footnotes":""},"categories":[1236],"tags":[28747,28746,28745,28744,28749,28748,210],"class_list":["post-49157","post","type-post","status-publish","format-standard","has-post-thumbnail","hentry","category-norte_de_minas","tag-dim-homem-aranha","tag-homem-aranha-e-preso-em-montes-claros","tag-homem-aranha-e-preso-pela-policia-militar-de-montes-claros","tag-homem-aranha-e-preso-pela-policia-militar-no-norte-de-minas","tag-joao-batista-oliveira-silva","tag-josimar-oliveira-santana","tag-montes-claros"],"_links":{"self":[{"href":"https:\/\/aconteceunovale.com.br\/portal\/index.php?rest_route=\/wp\/v2\/posts\/49157","targetHints":{"allow":["GET"]}}],"collection":[{"href":"https:\/\/aconteceunovale.com.br\/portal\/index.php?rest_route=\/wp\/v2\/posts"}],"about":[{"href":"https:\/\/aconteceunovale.com.br\/portal\/index.php?rest_route=\/wp\/v2\/types\/post"}],"author":[{"embeddable":true,"href":"https:\/\/aconteceunovale.com.br\/portal\/index.php?rest_route=\/wp\/v2\/users\/1"}],"replies":[{"embeddable":true,"href":"https:\/\/aconteceunovale.com.br\/portal\/index.php?rest_route=%2Fwp%2Fv2%2Fcomments&post=49157"}],"version-history":[{"count":0,"href":"https:\/\/aconteceunovale.com.br\/portal\/index.php?rest_route=\/wp\/v2\/posts\/49157\/revisions"}],"wp:featuredmedia":[{"embeddable":true,"href":"https:\/\/aconteceunovale.com.br\/portal\/index.php?rest_route=\/wp\/v2\/media\/49158"}],"wp:attachment":[{"href":"https:\/\/aconteceunovale.com.br\/portal\/index.php?rest_route=%2Fwp%2Fv2%2Fmedia&parent=49157"}],"wp:term":[{"taxonomy":"category","embeddable":true,"href":"https:\/\/aconteceunovale.com.br\/portal\/index.php?rest_route=%2Fwp%2Fv2%2Fcategories&post=49157"},{"taxonomy":"post_tag","embeddable":true,"href":"https:\/\/aconteceunovale.com.br\/portal\/index.php?rest_route=%2Fwp%2Fv2%2Ftags&post=49157"}],"curies":[{"name":"wp","href":"https:\/\/api.w.org\/{rel}","templated":true}]}}