{"id":49151,"date":"2015-01-03T11:49:55","date_gmt":"2015-01-03T14:49:55","guid":{"rendered":"http:\/\/aconteceunovale.com.br\/portal\/?p=49151"},"modified":"2015-01-03T20:29:44","modified_gmt":"2015-01-03T23:29:44","slug":"acidente-envolvendo-tres-veiculos-mata-duas-pessoas-na-br-116-no-vale-do-jequitinhonha","status":"publish","type":"post","link":"https:\/\/aconteceunovale.com.br\/portal\/?p=49151","title":{"rendered":"Acidente envolvendo tr\u00eas ve\u00edculos mata duas pessoas na BR-116, no Vale do Jequitinhonha"},"content":{"rendered":"<h4><strong><em>Acidente envolveu tr\u00eas ve\u00edculos pr\u00f3ximo ao Povoado Do Morais. A passageira da caminhonete e o motorista do outro ve\u00edculo n\u00e3o resistiram aos ferimentos e morreram.<\/em><\/strong><\/h4>\n<p>Duas pessoas morreram em um acidente envolvendo tr\u00eas ve\u00edculos na manh\u00e3 deste s\u00e1bado, 3 de janeiro, na altura do quil\u00f4metro 149 da BR-116, pr\u00f3ximo a Ponto dos Volantes, no Vale do Jequitinhonha. De acordo com a Pol\u00edcia Rodovi\u00e1ria Federal de Itaobim, o acidente aconteceu pr\u00f3ximo ao Povoado Do Morais.<\/p>\n<p>Ainda de acordo com a PRF, uma Hilux com placas de Serra\/ES, que seguia sentido Te\u00f3filo Otoni, e um Fiat Idea com placas Campinas, que seguia no sentido contr\u00e1rio, colidiram frontalmente. Um terceiro ve\u00edculo, com placas de Contagem, n\u00e3o conseguiu desviar e tamb\u00e9m se chocou.<\/p>\n<p>Com o impacto do acidente, a passageira da caminhonete, identificada como Augusta Gomes Neta Lima, de 44 anos, moradora de Simon\u00e9sia, ficou gravemente ferida. Ela foi socorrida por uma equipe do Servi\u00e7o de Atendimento M\u00f3vel de Urg\u00eancia (SAMU), mas n\u00e3o resistiu e morreu antes de chegar ao hospital. O condutor do Idea, Edvaldo do Nascimento, de 48 anos, natural de Limoeiro\/PE e morador de Campinas, morreu no local.<\/p>\n<p>O condutor da caminhonete, Adjaci Ferreira Lima, de 46 anos, conhecido como Cear\u00e1, fraturou um dos bra\u00e7os e costelas, o filho de 14 anos segue internado, ap\u00f3s se queixar de fortes dores abdominais. Um beb\u00ea que tamb\u00e9m estava no ve\u00edculo passa bem. A outra filha do casal, de acordo com as informa\u00e7\u00f5es seguia logo \u00e0 frente, em outro veiculo, que n\u00e3o se envolveu no acidente. A fam\u00edlia de Simon\u00e9sia retornava de uma viagem ao estado da Bahia.<\/p>\n<p>Os corpos de Augusta de Edvaldo foram encaminhados para o Instituto M\u00e9dico Legal e ap\u00f3s os procedimentos de praxe, foram liberados para familiares.<\/p>\n","protected":false},"excerpt":{"rendered":"<p>Acidente envolveu tr\u00eas ve\u00edculos pr\u00f3ximo ao Povoado Do Morais. A passageira da caminhonete e o motorista do outro ve\u00edculo n\u00e3o resistiram aos ferimentos e morreram. Duas pessoas morreram em um acidente envolvendo tr\u00eas ve\u00edculos na manh\u00e3 deste s\u00e1bado, 3 de janeiro, na altura do quil\u00f4metro 149 da BR-116, pr\u00f3ximo a Ponto dos Volantes, no Vale [&hellip;]<\/p>\n","protected":false},"author":1,"featured_media":49182,"comment_status":"open","ping_status":"closed","sticky":false,"template":"","format":"standard","meta":{"amp_status":"","footnotes":""},"categories":[120],"tags":[28728,28729,25826,28778,28779,28731,28732,28777,28774,4607,956,1018,28730,28775,391,28776,28780,444,4322,2451],"class_list":["post-49151","post","type-post","status-publish","format-standard","has-post-thumbnail","hentry","category-jequi","tag-acidente-com-carro-da-serra","tag-acidente-com-carro-de-campinas","tag-acidente-com-carro-de-contagem","tag-acidente-com-familia-de-simonesia","tag-acidente-com-morador-de-limoeiro","tag-acidente-envolvendo-tres-veiculos-mata-duas-pessoas-na-br-116","tag-acidente-envolvendo-tres-veiculos-mata-duas-pessoas-na-br-116-no-vale-do-jequitinhonha","tag-adjaci-ferreira-lima","tag-augusta-gomes-neta-lima","tag-campinas","tag-contagem","tag-destaque","tag-duas-pessoas-morrem-em-acidente-na-br-116-no-vale-do-jequitinhonha","tag-edvaldo-do-nascimento","tag-itaobim","tag-limoeiro","tag-moradora-de-simonesia-morre-em-acidente-na-br-116-no-vale-do-jequitinhonha","tag-ponto-dos-volantes","tag-serra","tag-simonesia"],"_links":{"self":[{"href":"https:\/\/aconteceunovale.com.br\/portal\/index.php?rest_route=\/wp\/v2\/posts\/49151","targetHints":{"allow":["GET"]}}],"collection":[{"href":"https:\/\/aconteceunovale.com.br\/portal\/index.php?rest_route=\/wp\/v2\/posts"}],"about":[{"href":"https:\/\/aconteceunovale.com.br\/portal\/index.php?rest_route=\/wp\/v2\/types\/post"}],"author":[{"embeddable":true,"href":"https:\/\/aconteceunovale.com.br\/portal\/index.php?rest_route=\/wp\/v2\/users\/1"}],"replies":[{"embeddable":true,"href":"https:\/\/aconteceunovale.com.br\/portal\/index.php?rest_route=%2Fwp%2Fv2%2Fcomments&post=49151"}],"version-history":[{"count":0,"href":"https:\/\/aconteceunovale.com.br\/portal\/index.php?rest_route=\/wp\/v2\/posts\/49151\/revisions"}],"wp:featuredmedia":[{"embeddable":true,"href":"https:\/\/aconteceunovale.com.br\/portal\/index.php?rest_route=\/wp\/v2\/media\/49182"}],"wp:attachment":[{"href":"https:\/\/aconteceunovale.com.br\/portal\/index.php?rest_route=%2Fwp%2Fv2%2Fmedia&parent=49151"}],"wp:term":[{"taxonomy":"category","embeddable":true,"href":"https:\/\/aconteceunovale.com.br\/portal\/index.php?rest_route=%2Fwp%2Fv2%2Fcategories&post=49151"},{"taxonomy":"post_tag","embeddable":true,"href":"https:\/\/aconteceunovale.com.br\/portal\/index.php?rest_route=%2Fwp%2Fv2%2Ftags&post=49151"}],"curies":[{"name":"wp","href":"https:\/\/api.w.org\/{rel}","templated":true}]}}