{"id":49146,"date":"2015-01-02T21:06:21","date_gmt":"2015-01-03T00:06:21","guid":{"rendered":"http:\/\/aconteceunovale.com.br\/portal\/?p=49146"},"modified":"2015-01-03T12:00:51","modified_gmt":"2015-01-03T15:00:51","slug":"homem-e-assassinado-dentro-de-salao-de-cabeleireiro-em-montes-claros","status":"publish","type":"post","link":"https:\/\/aconteceunovale.com.br\/portal\/?p=49146","title":{"rendered":"Homem \u00e9 assassinado dentro de sal\u00e3o de cabeleireiro em Montes Claros"},"content":{"rendered":"<h4><strong><em>V\u00edtima estava em um sal\u00e3o quando foi atingido pelos tiros. Dois suspeitos do crime s\u00e3o procurados pela Pol\u00edcia.<\/em><\/strong><\/h4>\n<p>Um homem foi assassinado no in\u00edcio da tarde desta sexta-feira, 02 de janeiro, no bairro Independ\u00eancia, em Montes Claros, na regi\u00e3o Norte de Minas Gerais. Segundo uma testemunha, Davisson Roseno dos Santos estava em um sal\u00e3o cortando o cabelo quando foi surpreendido pelo criminoso. Foram efetuados tr\u00eas disparos na cabe\u00e7a da v\u00edtima, que morreu na hora.<\/p>\n<p>O dono do sal\u00e3o, que n\u00e3o quis se identificar, conta que um homem desceu de uma moto e entrou correndo no estabelecimento. \u201cTerminei de cortar o cabelo dele, estava fazendo o cavanhaque, quase finalizando, quando o homem desceu da moto, chegou correndo, encostou o rev\u00f3lver na cabe\u00e7a dele e deu tr\u00eas tiros.\u201d, relata.<\/p>\n<p>De acordo com o soldado F\u00e1bio Camilo da Silva, ainda n\u00e3o h\u00e1 pistas dos suspeitos. \u201cEstamos fazendo um rastreamento, j\u00e1 passamos as informa\u00e7\u00f5es para outras viaturas para intensificar o rastreamento, mas at\u00e9 o momento n\u00e3o conseguimos nenhuma informa\u00e7\u00e3o a mais.\u201d, conta.<\/p>\n<p>Muitas pessoas se aglomeraram no local para saber quem era a v\u00edtima. At\u00e9 o momento nenhum suspeito foi identificado e localizado.<\/p>\n<p><img decoding=\"async\" src=\"http:\/\/aconteceunovale.com.br\/portal\/wp-content\/uploads\/2015\/01\/homicidio_moc_2_1.jpg\" alt=\"\" \/><em>Muitos curiose se aglomeraram no local do crime (Foto: Taislaine Antunes\/G1)<\/em><br \/>\n<\/br><\/p>\n<p><strong><em>(Fonte: Inter TV Grande Minas)<\/em><\/strong><\/p>\n","protected":false},"excerpt":{"rendered":"<p>V\u00edtima estava em um sal\u00e3o quando foi atingido pelos tiros. Dois suspeitos do crime s\u00e3o procurados pela Pol\u00edcia. Um homem foi assassinado no in\u00edcio da tarde desta sexta-feira, 02 de janeiro, no bairro Independ\u00eancia, em Montes Claros, na regi\u00e3o Norte de Minas Gerais. Segundo uma testemunha, Davisson Roseno dos Santos estava em um sal\u00e3o cortando [&hellip;]<\/p>\n","protected":false},"author":1,"featured_media":49147,"comment_status":"open","ping_status":"closed","sticky":false,"template":"","format":"standard","meta":{"amp_status":"","footnotes":""},"categories":[1236],"tags":[28733,28724,25220,210,28725],"class_list":["post-49146","post","type-post","status-publish","format-standard","has-post-thumbnail","hentry","category-norte_de_minas","tag-davisson-roseno-dos-santos","tag-homem-e-assassinado-dentro-de-salao-de-cabeleireiro-em-montes-claros","tag-homicidio-em-montes-claros","tag-montes-claros","tag-morto-dentro-de-salao-em-montes-claros"],"_links":{"self":[{"href":"https:\/\/aconteceunovale.com.br\/portal\/index.php?rest_route=\/wp\/v2\/posts\/49146","targetHints":{"allow":["GET"]}}],"collection":[{"href":"https:\/\/aconteceunovale.com.br\/portal\/index.php?rest_route=\/wp\/v2\/posts"}],"about":[{"href":"https:\/\/aconteceunovale.com.br\/portal\/index.php?rest_route=\/wp\/v2\/types\/post"}],"author":[{"embeddable":true,"href":"https:\/\/aconteceunovale.com.br\/portal\/index.php?rest_route=\/wp\/v2\/users\/1"}],"replies":[{"embeddable":true,"href":"https:\/\/aconteceunovale.com.br\/portal\/index.php?rest_route=%2Fwp%2Fv2%2Fcomments&post=49146"}],"version-history":[{"count":0,"href":"https:\/\/aconteceunovale.com.br\/portal\/index.php?rest_route=\/wp\/v2\/posts\/49146\/revisions"}],"wp:featuredmedia":[{"embeddable":true,"href":"https:\/\/aconteceunovale.com.br\/portal\/index.php?rest_route=\/wp\/v2\/media\/49147"}],"wp:attachment":[{"href":"https:\/\/aconteceunovale.com.br\/portal\/index.php?rest_route=%2Fwp%2Fv2%2Fmedia&parent=49146"}],"wp:term":[{"taxonomy":"category","embeddable":true,"href":"https:\/\/aconteceunovale.com.br\/portal\/index.php?rest_route=%2Fwp%2Fv2%2Fcategories&post=49146"},{"taxonomy":"post_tag","embeddable":true,"href":"https:\/\/aconteceunovale.com.br\/portal\/index.php?rest_route=%2Fwp%2Fv2%2Ftags&post=49146"}],"curies":[{"name":"wp","href":"https:\/\/api.w.org\/{rel}","templated":true}]}}