{"id":49132,"date":"2015-01-02T16:41:41","date_gmt":"2015-01-02T19:41:41","guid":{"rendered":"http:\/\/aconteceunovale.com.br\/portal\/?p=49132"},"modified":"2015-01-02T16:41:41","modified_gmt":"2015-01-02T19:41:41","slug":"mortes-nas-rodovias-federais-que-cortam-o-estado-de-minas-gerais-cairam-74-diz-prf","status":"publish","type":"post","link":"https:\/\/aconteceunovale.com.br\/portal\/?p=49132","title":{"rendered":"Mortes nas rodovias federais que cortam o estado de Minas Gerais ca\u00edram 74%, diz PRF"},"content":{"rendered":"<h4><strong><em>Em todo o Brasil, foram registrados 127 \u00f3bitos. No estado de Minas, 8 pessoas morreram em 224 acidentes registrados em rodovias federais.<\/em><\/strong><\/h4>\n<p>Balan\u00e7o divulgado hoje (2) pela Pol\u00edcia Rodovi\u00e1ria Federal (PRF) informa que, entre os dias 27 de dezembro, primeiro s\u00e1bado ap\u00f3s o Natal, e a quinta-feira (1\u00ba), feriado prolongado de Ano Novo, houve 127 mortes, 1.592 pessoas ficaram feridas em 2.135 acidentes nas rodovias federais. Apesar de altos, os n\u00fameros apresentados pela PRF demonstram uma diminui\u00e7\u00e3o em alguns dos \u00edndices relativos a acidentes nas rodovias do pa\u00eds.<\/p>\n<p>O relat\u00f3rio da PRF aponta redu\u00e7\u00e3o de 47% no \u00edndice de acidentes considerados graves (aqueles que resultam em, ao menos, um ferido grave ou um \u00f3bito), o que levou a uma redu\u00e7\u00e3o de 26% na taxa de mortalidade e de 25% na taxa de feridos na compara\u00e7\u00e3o com o R\u00e9veillon 2013\/2014.<\/p>\n<p>Os n\u00fameros tamb\u00e9m s\u00e3o menores que os registrados no Natal, quando 183 pessoas morreram (30% mais que no Ano Novo), 2.224 ficaram feridas (aumento de 34,47%) e foram registrados 3.258 acidentes (n\u00famero 34,47% maior que no Ano Novo).<\/p>\n<p>De acordo com a PRF, isso ocorre porque o movimento nas estradas no Natal \u00e9 concentrado e uniforme, com fluxo intenso de ve\u00edculos em todas as BRs, ao contr\u00e1rio do que ocorre na \u00e9poca das festas de R\u00e9veillon, quando o volume de tr\u00e1fego \u00e9 direcionado para as regi\u00f5es litor\u00e2neas.<\/p>\n<p>Segundo a PRF, 822 pessoas foram flagradas dirigindo ap\u00f3s consumir bebida alco\u00f3lica e a cada 53 testes um condutor foi autuado ou preso e 135.649 pessoas fiscalizadas no per\u00edodo nas rodovias federais.<\/p>\n<h4>Em Minas Gerais<\/h4>\n<p>Nas rodovias federais que cortam o estado de Minas Gerais, oito pessoas morreram nos 244 acidentes registrados. 74% a menos que no feriado prolongado de Ano novo de 2013. O n\u00famero de acidentes caiu 34% e o n\u00famero de feridos &#8211; 223 pessoas &#8211; caiu 26%.<\/p>\n","protected":false},"excerpt":{"rendered":"<p>Em todo o Brasil, foram registrados 127 \u00f3bitos. No estado de Minas, 8 pessoas morreram em 224 acidentes registrados em rodovias federais. Balan\u00e7o divulgado hoje (2) pela Pol\u00edcia Rodovi\u00e1ria Federal (PRF) informa que, entre os dias 27 de dezembro, primeiro s\u00e1bado ap\u00f3s o Natal, e a quinta-feira (1\u00ba), feriado prolongado de Ano Novo, houve 127 [&hellip;]<\/p>\n","protected":false},"author":1,"featured_media":49133,"comment_status":"open","ping_status":"closed","sticky":false,"template":"","format":"standard","meta":{"amp_status":"","footnotes":""},"categories":[6],"tags":[28639,28634,28635,28638,28526,28641,28642,28643,1018,28637,28636,28633,28632,28640,239,28530,18751],"class_list":["post-49132","post","type-post","status-publish","format-standard","has-post-thumbnail","hentry","category-br","tag-acidentes","tag-acidentes-em-rodovias-federais-no-feriado-prolongado-do-ano-novo","tag-acidentes-feriado-de-ano-novo","tag-acidentes-no-feriado-de-reveillon","tag-ano-novo","tag-balanco-da-prf-feriado-de-ano-novo","tag-balanco-da-prf-feriado-prolongado-de-ano-novo","tag-balanco-da-prf-reveillon","tag-destaque","tag-feriado-de-ano-novo","tag-mortes-em-acidentes-no-feriado-de-ano-novo","tag-mortes-em-rodovias-federais-no-feriado-prolongado-do-ano-novo","tag-mortes-em-rodovias-federais-no-feriado-prolongado-do-ano-novo-cairam-26","tag-mortes-nas-rodovias-federais-que-cortam-o-estado-de-minas-gerais-cairam-74","tag-prf","tag-reveillon","tag-transito"],"_links":{"self":[{"href":"https:\/\/aconteceunovale.com.br\/portal\/index.php?rest_route=\/wp\/v2\/posts\/49132","targetHints":{"allow":["GET"]}}],"collection":[{"href":"https:\/\/aconteceunovale.com.br\/portal\/index.php?rest_route=\/wp\/v2\/posts"}],"about":[{"href":"https:\/\/aconteceunovale.com.br\/portal\/index.php?rest_route=\/wp\/v2\/types\/post"}],"author":[{"embeddable":true,"href":"https:\/\/aconteceunovale.com.br\/portal\/index.php?rest_route=\/wp\/v2\/users\/1"}],"replies":[{"embeddable":true,"href":"https:\/\/aconteceunovale.com.br\/portal\/index.php?rest_route=%2Fwp%2Fv2%2Fcomments&post=49132"}],"version-history":[{"count":0,"href":"https:\/\/aconteceunovale.com.br\/portal\/index.php?rest_route=\/wp\/v2\/posts\/49132\/revisions"}],"wp:featuredmedia":[{"embeddable":true,"href":"https:\/\/aconteceunovale.com.br\/portal\/index.php?rest_route=\/wp\/v2\/media\/49133"}],"wp:attachment":[{"href":"https:\/\/aconteceunovale.com.br\/portal\/index.php?rest_route=%2Fwp%2Fv2%2Fmedia&parent=49132"}],"wp:term":[{"taxonomy":"category","embeddable":true,"href":"https:\/\/aconteceunovale.com.br\/portal\/index.php?rest_route=%2Fwp%2Fv2%2Fcategories&post=49132"},{"taxonomy":"post_tag","embeddable":true,"href":"https:\/\/aconteceunovale.com.br\/portal\/index.php?rest_route=%2Fwp%2Fv2%2Ftags&post=49132"}],"curies":[{"name":"wp","href":"https:\/\/api.w.org\/{rel}","templated":true}]}}