{"id":49128,"date":"2015-01-02T13:15:54","date_gmt":"2015-01-02T16:15:54","guid":{"rendered":"http:\/\/aconteceunovale.com.br\/portal\/?p=49128"},"modified":"2015-01-02T13:24:27","modified_gmt":"2015-01-02T16:24:27","slug":"jovem-e-assassinada-a-facadas-pelo-ex-namorado-em-diamantina","status":"publish","type":"post","link":"https:\/\/aconteceunovale.com.br\/portal\/?p=49128","title":{"rendered":"Jovem \u00e9 assassinada a facadas pelo ex-namorado em Diamantina"},"content":{"rendered":"<h4><strong><em>Principal suspeito do crime \u00e9 um ex-namorado da v\u00edtima. At\u00e9 o momento ele n\u00e3o foi encontrado pela Pol\u00edcia.<\/em><\/strong><\/h4>\n<p>[image src=&#8221;http:\/\/aconteceunovale.com.br\/portal\/wp-content\/uploads\/2015\/01\/ivone_dtna.jpg&#8221; width=&#8221;300&#8243; height=&#8221;321&#8243; lightbox=&#8221;yes&#8221; align=&#8221;left&#8221; float=&#8221;left&#8221;]Uma mulher de 27 anos foi brutalmente assassinada no in\u00edcio da manh\u00e3 desta sexta-feira, 2 de dezembro, Bairro da Palha, em Diamantina, no Vale do Jequitinhonha.<\/p>\n<p>De acordo com informa\u00e7\u00f5es, o principal suspeito do homic\u00eddio \u00e9 um ex-namorado da v\u00edtima, que n\u00e3o aceitava o fim do relacionamento. Uma das facadas atingiu a jovem, de prenome Ivone (foto), na regi\u00e3o do pesco\u00e7o. Ela n\u00e3o resistiu ao grave ferimento e veio a \u00f3bito.<\/p>\n<p>Ap\u00f3s o crime, o suspeito evadiu do local, tomando rumo ignorado. A Pol\u00edcia iniciou rastreamentos com intuito de localizar e prender o autor, por\u00e9m sem \u00eaxito at\u00e9 o momento.<\/p>\n<h4>Como\u00e7\u00e3o<\/h4>\n<p>Pelas redes sociais, v\u00e1rios amigos lamentam a morte da jovem. <em>&#8220;Crueldade, covardia apagar este sorriso que nos alegrava. Deus te receba de bra\u00e7os abertos. Ele cuidar\u00e1 de voc\u00ea e ir\u00e1 dar for\u00e7a a sua fam\u00edlia&#8230; Luto.&#8221;<\/em>, postou uma internauta.<\/p>\n<p><em>&#8220;Meu Deus! N\u00e3o estou acreditando que voc\u00ea se foi amiga e eu n\u00e3o pude me despedir, voc\u00ea vai fazer muita falta. Que Deus conforte a fam\u00edlia.&#8221;<\/em>, disse outra amiga da v\u00edtima.<\/p>\n","protected":false},"excerpt":{"rendered":"<p>Principal suspeito do crime \u00e9 um ex-namorado da v\u00edtima. At\u00e9 o momento ele n\u00e3o foi encontrado pela Pol\u00edcia. [image src=&#8221;http:\/\/aconteceunovale.com.br\/portal\/wp-content\/uploads\/2015\/01\/ivone_dtna.jpg&#8221; width=&#8221;300&#8243; height=&#8221;321&#8243; lightbox=&#8221;yes&#8221; align=&#8221;left&#8221; float=&#8221;left&#8221;]Uma mulher de 27 anos foi brutalmente assassinada no in\u00edcio da manh\u00e3 desta sexta-feira, 2 de dezembro, Bairro da Palha, em Diamantina, no Vale do Jequitinhonha. De acordo com informa\u00e7\u00f5es, o [&hellip;]<\/p>\n","protected":false},"author":1,"featured_media":49129,"comment_status":"open","ping_status":"closed","sticky":false,"template":"","format":"standard","meta":{"amp_status":"","footnotes":""},"categories":[120],"tags":[198,28628,28629,28630,28626,28627,28631],"class_list":["post-49128","post","type-post","status-publish","format-standard","has-post-thumbnail","hentry","category-jequi","tag-diamantina","tag-homicidio-em-diamantina","tag-homicidio-no-bairro-da-palha-em-diamantina","tag-jovem-assassinada-em-diamantina","tag-jovem-e-assassinada-a-facadas-pelo-ex-namorado-em-diamantina","tag-jovem-morta-no-bairro-da-palha-em-diamantina","tag-morte-em-diamantina"],"_links":{"self":[{"href":"https:\/\/aconteceunovale.com.br\/portal\/index.php?rest_route=\/wp\/v2\/posts\/49128","targetHints":{"allow":["GET"]}}],"collection":[{"href":"https:\/\/aconteceunovale.com.br\/portal\/index.php?rest_route=\/wp\/v2\/posts"}],"about":[{"href":"https:\/\/aconteceunovale.com.br\/portal\/index.php?rest_route=\/wp\/v2\/types\/post"}],"author":[{"embeddable":true,"href":"https:\/\/aconteceunovale.com.br\/portal\/index.php?rest_route=\/wp\/v2\/users\/1"}],"replies":[{"embeddable":true,"href":"https:\/\/aconteceunovale.com.br\/portal\/index.php?rest_route=%2Fwp%2Fv2%2Fcomments&post=49128"}],"version-history":[{"count":0,"href":"https:\/\/aconteceunovale.com.br\/portal\/index.php?rest_route=\/wp\/v2\/posts\/49128\/revisions"}],"wp:featuredmedia":[{"embeddable":true,"href":"https:\/\/aconteceunovale.com.br\/portal\/index.php?rest_route=\/wp\/v2\/media\/49129"}],"wp:attachment":[{"href":"https:\/\/aconteceunovale.com.br\/portal\/index.php?rest_route=%2Fwp%2Fv2%2Fmedia&parent=49128"}],"wp:term":[{"taxonomy":"category","embeddable":true,"href":"https:\/\/aconteceunovale.com.br\/portal\/index.php?rest_route=%2Fwp%2Fv2%2Fcategories&post=49128"},{"taxonomy":"post_tag","embeddable":true,"href":"https:\/\/aconteceunovale.com.br\/portal\/index.php?rest_route=%2Fwp%2Fv2%2Ftags&post=49128"}],"curies":[{"name":"wp","href":"https:\/\/api.w.org\/{rel}","templated":true}]}}