{"id":49125,"date":"2015-01-02T12:37:58","date_gmt":"2015-01-02T15:37:58","guid":{"rendered":"http:\/\/aconteceunovale.com.br\/portal\/?p=49125"},"modified":"2015-01-02T12:37:58","modified_gmt":"2015-01-02T15:37:58","slug":"vereador-tranca-predio-da-camara-e-impede-eleicao-de-nova-mesa-diretora-em-virgem-da-lapa","status":"publish","type":"post","link":"https:\/\/aconteceunovale.com.br\/portal\/?p=49125","title":{"rendered":"Vereador tranca pr\u00e9dio da C\u00e2mara e impede elei\u00e7\u00e3o de nova mesa diretora em Virgem da Lapa"},"content":{"rendered":"<h4><strong><em>A sess\u00e3o para eleger a nova dire\u00e7\u00e3o da C\u00e2mara estava marcada para o dia 16 de dezembro, mas foi adiada para esta quinta-feira (1\u00ba). Vereadores aguardam decis\u00e3o judicial para realizar a vota\u00e7\u00e3o.<\/em><\/strong><\/h4>\n<p>Como j\u00e1 era previs\u00edvel, a elei\u00e7\u00e3o da mesa diretora da C\u00e2mara de Virgem da Lapa, no Vale do Jequitinhonha, n\u00e3o aconteceu nesta quinta-feira (1\u00ba) e uma nova elei\u00e7\u00e3o est\u00e1 marcada para o dia 26 de janeiro. <\/p>\n<p>A vota\u00e7\u00e3o para renova\u00e7\u00e3o da mesa diretora estava  prevista para o dia 16 de dezembro e acabou sendo transferida para ontem. Na pr\u00e1tica, o segundo adiamento refor\u00e7a o clima de tens\u00e3o que predomina no meio pol\u00edtico do munic\u00edpio.<\/p>\n<p>A disputa pela presid\u00eancia da casa se transformou em uma guerra jur\u00eddica e de poder, entre os vereadores Carlos Lacerda Jardim (PMDB), o Lacerda, e o atual presidente, Antonio Fonseca de Oliveira, o Tonh\u00e3o. \u201cA elei\u00e7\u00e3o seria nesta quinta-feira (1). Quando chegamos para votar, encontramos o pr\u00e9dio da C\u00e2mara fechado.\u201d, denuncia o vereador Carlos Lacerda.<\/p>\n<p>\u201cO  atual presidente, Antonio Oliveira, est\u00e1 realizando manobras para se manter no poder e o adiamento da elei\u00e7\u00e3o visa a compra de votos para derrotar minha candidatura. Temos provas disso.\u201d, afirma Lacerda.<\/p>\n<p>Foram protocoladas duas candidaturas: a do vereador Lacerda e a do vereador Cleuver Geraldo Prates Murta (PDT), o Lote do Esporte, apoiado pelo atual presidente. \u201cAntes da elei\u00e7\u00e3o fui informado que a minha candidatura havia sido cassada pelo pr\u00f3prio presidente da Casa. Entrei com mandado de seguran\u00e7a e obtive uma liminar para continuar na disputa.\u201d, informou o vereador Lacerda.<\/p>\n<p>Segundo ele, o vereador Antonio Oliveira n\u00e3o tem mais prerrogativas como presidente da C\u00e2mara. \u201cO regimento interno \u00e9 claro. Ap\u00f3s o dia 1\u00ba de janeiro, n\u00e3o havendo elei\u00e7\u00e3o para renovar a mesa diretora, o vereador mais votado, assume a presid\u00eancia.\u201d, diz Lacerda.<\/p>\n<p>Ouvido pela reportagem, o vereador Antonio Oliveira (Tonh\u00e3o) disse que quer evitar tumulto envolvendo a disputa pela presid\u00eancia. \u201cPor enquanto est\u00e1 mantida a data de 26 de janeiro para a elei\u00e7\u00e3o. De qualquer forma, estamos aguardando uma decis\u00e3o judicial sobre o caso.\u201d, disse ele.<\/p>\n<p>O mandato de presidente da C\u00e2mara \u00e9 de dois anos. O sal\u00e1rio de um vereador do munic\u00edpio de Virgem da Lapa, que possui cerca de 14 mil habitantes \u00e9 de R$ 4.200 reais. A C\u00e2mara Municipal de Virgem da Lapa possui 9 vereadores.<\/p>\n<p><img decoding=\"async\" src=\"http:\/\/aconteceunovale.com.br\/portal\/wp-content\/uploads\/2015\/01\/virgem_da_lapa_mg.jpg\" alt=\"\" \/><em>Vista de Virgem da Lapa, munic\u00edpio do Vale do Jequitinhonha &#8211; Foto: Reprodu\u00e7\u00e3o<\/em><br \/>\n<\/br><\/p>\n<p><strong><em>(Gazeta de Ara\u00e7ua\u00ed)<\/em><\/strong><\/p>\n","protected":false},"excerpt":{"rendered":"<p>A sess\u00e3o para eleger a nova dire\u00e7\u00e3o da C\u00e2mara estava marcada para o dia 16 de dezembro, mas foi adiada para esta quinta-feira (1\u00ba). Vereadores aguardam decis\u00e3o judicial para realizar a vota\u00e7\u00e3o. Como j\u00e1 era previs\u00edvel, a elei\u00e7\u00e3o da mesa diretora da C\u00e2mara de Virgem da Lapa, no Vale do Jequitinhonha, n\u00e3o aconteceu nesta quinta-feira [&hellip;]<\/p>\n","protected":false},"author":1,"featured_media":49126,"comment_status":"open","ping_status":"closed","sticky":false,"template":"","format":"standard","meta":{"amp_status":"","footnotes":""},"categories":[120],"tags":[28622,28621,28620,28623,28624,28619,28625,482],"class_list":["post-49125","post","type-post","status-publish","format-standard","has-post-thumbnail","hentry","category-jequi","tag-antonio-fonseca-de-oliveira","tag-camara-de-vereadores-de-virgem-da-lapa","tag-camara-de-virgem-da-lapa","tag-carlos-lacerda-jardim","tag-cleuver-prates-murta","tag-eleicao-da-mesa-diretora-da-camara-de-virgem-da-lapa","tag-vereador-tranca-predio-da-camara-e-impede-eleicao-de-nova-mesa-diretora-em-virgem-da-lapa","tag-virgem-da-lapa"],"_links":{"self":[{"href":"https:\/\/aconteceunovale.com.br\/portal\/index.php?rest_route=\/wp\/v2\/posts\/49125","targetHints":{"allow":["GET"]}}],"collection":[{"href":"https:\/\/aconteceunovale.com.br\/portal\/index.php?rest_route=\/wp\/v2\/posts"}],"about":[{"href":"https:\/\/aconteceunovale.com.br\/portal\/index.php?rest_route=\/wp\/v2\/types\/post"}],"author":[{"embeddable":true,"href":"https:\/\/aconteceunovale.com.br\/portal\/index.php?rest_route=\/wp\/v2\/users\/1"}],"replies":[{"embeddable":true,"href":"https:\/\/aconteceunovale.com.br\/portal\/index.php?rest_route=%2Fwp%2Fv2%2Fcomments&post=49125"}],"version-history":[{"count":0,"href":"https:\/\/aconteceunovale.com.br\/portal\/index.php?rest_route=\/wp\/v2\/posts\/49125\/revisions"}],"wp:featuredmedia":[{"embeddable":true,"href":"https:\/\/aconteceunovale.com.br\/portal\/index.php?rest_route=\/wp\/v2\/media\/49126"}],"wp:attachment":[{"href":"https:\/\/aconteceunovale.com.br\/portal\/index.php?rest_route=%2Fwp%2Fv2%2Fmedia&parent=49125"}],"wp:term":[{"taxonomy":"category","embeddable":true,"href":"https:\/\/aconteceunovale.com.br\/portal\/index.php?rest_route=%2Fwp%2Fv2%2Fcategories&post=49125"},{"taxonomy":"post_tag","embeddable":true,"href":"https:\/\/aconteceunovale.com.br\/portal\/index.php?rest_route=%2Fwp%2Fv2%2Ftags&post=49125"}],"curies":[{"name":"wp","href":"https:\/\/api.w.org\/{rel}","templated":true}]}}