{"id":49119,"date":"2015-01-02T12:14:48","date_gmt":"2015-01-02T15:14:48","guid":{"rendered":"http:\/\/aconteceunovale.com.br\/portal\/?p=49119"},"modified":"2015-01-02T12:14:48","modified_gmt":"2015-01-02T15:14:48","slug":"suspeitos-de-homicidio-e-trafico-sao-detidos-em-sao-jose-da-safira","status":"publish","type":"post","link":"https:\/\/aconteceunovale.com.br\/portal\/?p=49119","title":{"rendered":"Suspeitos de homic\u00eddio e tr\u00e1fico s\u00e3o detidos em S\u00e3o Jos\u00e9 da Safira"},"content":{"rendered":"<h4><strong><em>Tr\u00eas homens e um menor foram detidos pela Pol\u00edcia Militar. Na casa de um deles foram encontradas sete armas, muni\u00e7\u00e3o e droga.<\/em><\/strong><\/h4>\n<p>Tr\u00eas homens foram presos e um adolescente foi apreendido, nesta quinta-feira, 1\u00ba de janeiro, em S\u00e3o Jos\u00e9 da Safira, no Vale do Rio Doce, suspeitos de tr\u00e1fico de drogas e envolvimento em um homic\u00eddio ocorrido na semana passada.<\/p>\n<p>Ainda segundo a Pol\u00edcia Militar, eles s\u00e3o integrantes de uma quadrilha que comercializava drogas na regi\u00e3o. Na casa de um dos detidos, a PM apreendeu sete armas, muni\u00e7\u00e3o e crack. Os quatro foram levados para a delegacia de Guanh\u00e3es (MG).<\/p>\n<p><img decoding=\"async\" src=\"http:\/\/aconteceunovale.com.br\/portal\/wp-content\/uploads\/2015\/01\/sao_jose_safira_apreensoes.jpg\" alt=\"\" \/><em>Material apreendido pela Pol\u00edcia Militar em S\u00e3o Jos\u00e9 da Safira &#8211; Foto: PM\/Divulga\u00e7\u00e3o<\/em><br \/>\n<\/br><\/p>\n<p><strong><em>(Fonte: Inter TV dos Vales)<\/em><\/strong><\/p>\n","protected":false},"excerpt":{"rendered":"<p>Tr\u00eas homens e um menor foram detidos pela Pol\u00edcia Militar. Na casa de um deles foram encontradas sete armas, muni\u00e7\u00e3o e droga. Tr\u00eas homens foram presos e um adolescente foi apreendido, nesta quinta-feira, 1\u00ba de janeiro, em S\u00e3o Jos\u00e9 da Safira, no Vale do Rio Doce, suspeitos de tr\u00e1fico de drogas e envolvimento em um [&hellip;]<\/p>\n","protected":false},"author":1,"featured_media":49120,"comment_status":"open","ping_status":"closed","sticky":false,"template":"","format":"standard","meta":{"amp_status":"","footnotes":""},"categories":[121],"tags":[155,319,28617],"class_list":["post-49119","post","type-post","status-publish","format-standard","has-post-thumbnail","hentry","category-leste","tag-guanhaes","tag-sao-jose-da-safira","tag-suspeitos-de-homicidio-e-trafico-sao-detidos-em-sao-jose-da-safira"],"_links":{"self":[{"href":"https:\/\/aconteceunovale.com.br\/portal\/index.php?rest_route=\/wp\/v2\/posts\/49119","targetHints":{"allow":["GET"]}}],"collection":[{"href":"https:\/\/aconteceunovale.com.br\/portal\/index.php?rest_route=\/wp\/v2\/posts"}],"about":[{"href":"https:\/\/aconteceunovale.com.br\/portal\/index.php?rest_route=\/wp\/v2\/types\/post"}],"author":[{"embeddable":true,"href":"https:\/\/aconteceunovale.com.br\/portal\/index.php?rest_route=\/wp\/v2\/users\/1"}],"replies":[{"embeddable":true,"href":"https:\/\/aconteceunovale.com.br\/portal\/index.php?rest_route=%2Fwp%2Fv2%2Fcomments&post=49119"}],"version-history":[{"count":0,"href":"https:\/\/aconteceunovale.com.br\/portal\/index.php?rest_route=\/wp\/v2\/posts\/49119\/revisions"}],"wp:featuredmedia":[{"embeddable":true,"href":"https:\/\/aconteceunovale.com.br\/portal\/index.php?rest_route=\/wp\/v2\/media\/49120"}],"wp:attachment":[{"href":"https:\/\/aconteceunovale.com.br\/portal\/index.php?rest_route=%2Fwp%2Fv2%2Fmedia&parent=49119"}],"wp:term":[{"taxonomy":"category","embeddable":true,"href":"https:\/\/aconteceunovale.com.br\/portal\/index.php?rest_route=%2Fwp%2Fv2%2Fcategories&post=49119"},{"taxonomy":"post_tag","embeddable":true,"href":"https:\/\/aconteceunovale.com.br\/portal\/index.php?rest_route=%2Fwp%2Fv2%2Ftags&post=49119"}],"curies":[{"name":"wp","href":"https:\/\/api.w.org\/{rel}","templated":true}]}}