{"id":49114,"date":"2015-01-02T11:50:27","date_gmt":"2015-01-02T14:50:27","guid":{"rendered":"http:\/\/aconteceunovale.com.br\/portal\/?p=49114"},"modified":"2015-01-02T11:50:27","modified_gmt":"2015-01-02T14:50:27","slug":"previsao-do-tempo-para-minas-gerais-nesta-sexta-feira-2-de-janeiro","status":"publish","type":"post","link":"https:\/\/aconteceunovale.com.br\/portal\/?p=49114","title":{"rendered":"Previs\u00e3o do tempo para Minas Gerais nesta sexta-feira, 2 de janeiro"},"content":{"rendered":"<h4><strong><em>No fim de semana, uma frente fria sobre o litoral do Sudeste favorecer\u00e1 \u00e0 ocorr\u00eancia de pancadas de chuva na maior parte de Minas<\/em><\/strong><\/h4>\n<p>Nesta sexta-feira, o avan\u00e7o de uma frente fria altera as condi\u00e7\u00f5es meteorol\u00f3gicas em parte do Sudeste do Brasil. Em Minas Gerais, o tempo fica inst\u00e1vel com pancadas de chuva e trovoadas nas mesorregi\u00f5es Tri\u00e2ngulo, Oeste, Sul, Campo das Vertentes e Zona da Mata. Na mesorregi\u00e3o Metropolitana de Belo Horizonte, Vale do Rio Doce, Central Mineira e Noroeste, o dia ser\u00e1 de sol entre nuvens e h\u00e1 possibilidade de chuvas localizadas na parte da tarde. O calor predomina em todo Estado e a umidade do ar oscila entre 30% a 40%, nas horas mais quentes do dia, principalmente nos setores Norte, Nordeste e parte do Centro do Estado. Na capital mineira, o c\u00e9u fica parcialmente nublado com possibilidade de chuvas localizadas \u00e0 tarde, e as temperaturas oscilam entre 20 e 33\u00b0C.<\/p>\n<p>No fim de semana, uma frente fria sobre o litoral do Sudeste do Brasil favorecer\u00e1 \u00e0 ocorr\u00eancia de pancadas de chuva na maior parte de Minas Gerais, principalmente nos setores Noroeste, Centro, Oeste, Sudoeste, Sul e Sudeste do Estado. Na capital, h\u00e1 previs\u00e3o de pancadas de chuva no decorrer do per\u00edodo, sendo que no domingo (04\/01), o tempo dever\u00e1 ficar mais inst\u00e1vel e poder\u00e3o ocorrer pancadas com maior intensidade. As temperaturas oscilar\u00e3o entre 20 e 34\u00b0C em BH, com decl\u00ednio acentuado na tarde de domingo, e a m\u00e1xima prevista \u00e9 de 28\u00b0C.<\/p>\n","protected":false},"excerpt":{"rendered":"<p>No fim de semana, uma frente fria sobre o litoral do Sudeste favorecer\u00e1 \u00e0 ocorr\u00eancia de pancadas de chuva na maior parte de Minas Nesta sexta-feira, o avan\u00e7o de uma frente fria altera as condi\u00e7\u00f5es meteorol\u00f3gicas em parte do Sudeste do Brasil. Em Minas Gerais, o tempo fica inst\u00e1vel com pancadas de chuva e trovoadas [&hellip;]<\/p>\n","protected":false},"author":1,"featured_media":15765,"comment_status":"open","ping_status":"closed","sticky":false,"template":"","format":"standard","meta":{"amp_status":"","footnotes":""},"categories":[123],"tags":[1839,27976,28613,28614],"class_list":["post-49114","post","type-post","status-publish","format-standard","has-post-thumbnail","hentry","category-gerais","tag-previsao-do-tempo-para-minas-gerais","tag-previsao-do-tempo-para-minas-gerais-nesta-sexta-feira","tag-previsao-do-tempo-para-minas-gerais-nesta-sexta-feira-2-de-janeiro","tag-previsao-do-tempo-para-o-fim-de-semana-em-minas-gerais"],"_links":{"self":[{"href":"https:\/\/aconteceunovale.com.br\/portal\/index.php?rest_route=\/wp\/v2\/posts\/49114","targetHints":{"allow":["GET"]}}],"collection":[{"href":"https:\/\/aconteceunovale.com.br\/portal\/index.php?rest_route=\/wp\/v2\/posts"}],"about":[{"href":"https:\/\/aconteceunovale.com.br\/portal\/index.php?rest_route=\/wp\/v2\/types\/post"}],"author":[{"embeddable":true,"href":"https:\/\/aconteceunovale.com.br\/portal\/index.php?rest_route=\/wp\/v2\/users\/1"}],"replies":[{"embeddable":true,"href":"https:\/\/aconteceunovale.com.br\/portal\/index.php?rest_route=%2Fwp%2Fv2%2Fcomments&post=49114"}],"version-history":[{"count":0,"href":"https:\/\/aconteceunovale.com.br\/portal\/index.php?rest_route=\/wp\/v2\/posts\/49114\/revisions"}],"wp:featuredmedia":[{"embeddable":true,"href":"https:\/\/aconteceunovale.com.br\/portal\/index.php?rest_route=\/wp\/v2\/media\/15765"}],"wp:attachment":[{"href":"https:\/\/aconteceunovale.com.br\/portal\/index.php?rest_route=%2Fwp%2Fv2%2Fmedia&parent=49114"}],"wp:term":[{"taxonomy":"category","embeddable":true,"href":"https:\/\/aconteceunovale.com.br\/portal\/index.php?rest_route=%2Fwp%2Fv2%2Fcategories&post=49114"},{"taxonomy":"post_tag","embeddable":true,"href":"https:\/\/aconteceunovale.com.br\/portal\/index.php?rest_route=%2Fwp%2Fv2%2Ftags&post=49114"}],"curies":[{"name":"wp","href":"https:\/\/api.w.org\/{rel}","templated":true}]}}