{"id":49039,"date":"2014-12-31T13:17:04","date_gmt":"2014-12-31T16:17:04","guid":{"rendered":"http:\/\/aconteceunovale.com.br\/portal\/?p=49039"},"modified":"2014-12-31T13:17:04","modified_gmt":"2014-12-31T16:17:04","slug":"uso-de-extintor-do-tipo-abc-em-veiculos-sera-obrigatorio-a-partir-de-amanha","status":"publish","type":"post","link":"https:\/\/aconteceunovale.com.br\/portal\/?p=49039","title":{"rendered":"Uso de extintor do tipo ABC em ve\u00edculos ser\u00e1 obrigat\u00f3rio a partir de amanh\u00e3"},"content":{"rendered":"<p>A partir de amanh\u00e3 (1\u00ba), passa a valer a obrigatoriedade de uso nos autom\u00f3veis do extintor ABC que apaga inc\u00eandio em materiais s\u00f3lidos como pneus, estofamentos, tapetes e revestimentos. O equipamento substituir\u00e1 o extintor BC que apaga inc\u00eandio em materiais el\u00e9tricos energizados como bateria de carro e fia\u00e7\u00e3o el\u00e9trica e tamb\u00e9m nos combust\u00edveis l\u00edquidos \u00f3leo, gasolina e \u00e1lcool.<\/p>\n<p>O extintor ABC deve ser usado em autom\u00f3veis de passeio, utilit\u00e1rios, caminhonetes, caminh\u00e3o, trator, micro-\u00f4nibus, \u00f4nibus e triciclo automotor de cabine fechada. Circular sem o equipamento \u00e9 infra\u00e7\u00e3o grave com multa de R$ 127,69 e cinco pontos na carteira de habilita\u00e7\u00e3o.<\/p>\n<p>A determina\u00e7\u00e3o do uso desse tipo de extintor est\u00e1 em resolu\u00e7\u00e3o do Conselho Nacional de Tr\u00e2nsito (Contran). Desde 2005, os carros novos produzidos no Brasil saem de f\u00e1brica com o extintor do tipo ABC.<\/p>\n<p><img decoding=\"async\" src=\"http:\/\/aconteceunovale.com.br\/portal\/wp-content\/uploads\/2014\/12\/extintor_abc_1.jpg\" alt=\"\" \/><em>Uso do extintor de inc\u00eandio do tipo ABC em ve\u00edculos passa a ser obrigat\u00f3rio a partir desta quinta-feira, 1\u00ba de janeiro de 2015 &#8211; Foto: Marcelo Camargo\/Ag\u00eancia Brasil<\/em><br \/>\n<\/br><\/p>\n<p>Taxista no Distrito Federal h\u00e1 45 anos, L\u00e1zaro Jacinto, considera positivo o uso do novo tipo de extintor. Como comprou o autom\u00f3vel esse ano, ele n\u00e3o precisar\u00e1 trocar o equipamento. Segundo L\u00e1zaro Jacinto, essa \u00e9 a situa\u00e7\u00e3o da maioria dos taxistas do Distrito Federal. \u201cSe \u00e9 para dar mais seguran\u00e7a para os motoristas e os passageiros \u00e9 v\u00e1lido. \u00c9 dif\u00edcil ver t\u00e1xis com mais de cinco anos aqui na cidade, ent\u00e3o n\u00e3o vai nos dar despesas. E ter um prazo de validade maior \u00e9 uma vantagem porque muitos motoristas esquecem de ficar trocando extintor todo ano\u201d, disse.<\/p>\n<p>O novo extintor tem prazo de validade de cinco anos. Os extintores BC s\u00e3o v\u00e1lidos por apenas um ano, por isso precisam ser recarregados anualmente. Para quem precisa adquirir o equipamento, o pre\u00e7o pode variar entre R$ 60 e R$ 100.<\/p>\n<p><em>(Ag\u00eancia Brasil)<\/em><\/p>\n","protected":false},"excerpt":{"rendered":"<p>A partir de amanh\u00e3 (1\u00ba), passa a valer a obrigatoriedade de uso nos autom\u00f3veis do extintor ABC que apaga inc\u00eandio em materiais s\u00f3lidos como pneus, estofamentos, tapetes e revestimentos. O equipamento substituir\u00e1 o extintor BC que apaga inc\u00eandio em materiais el\u00e9tricos energizados como bateria de carro e fia\u00e7\u00e3o el\u00e9trica e tamb\u00e9m nos combust\u00edveis l\u00edquidos \u00f3leo, [&hellip;]<\/p>\n","protected":false},"author":1,"featured_media":49040,"comment_status":"open","ping_status":"closed","sticky":false,"template":"","format":"standard","meta":{"amp_status":"","footnotes":""},"categories":[6],"tags":[19086,25297,28488,28490,28489,28491,28487],"class_list":["post-49039","post","type-post","status-publish","format-standard","has-post-thumbnail","hentry","category-br","tag-abc","tag-contran","tag-extintor-do-tipo-abc","tag-extintores","tag-lazaro-jacinto","tag-obrigatoriedade","tag-uso-de-extintor-do-tipo-abc-em-veiculos-sera-obrigatorio-a-partir-de-amanha"],"_links":{"self":[{"href":"https:\/\/aconteceunovale.com.br\/portal\/index.php?rest_route=\/wp\/v2\/posts\/49039","targetHints":{"allow":["GET"]}}],"collection":[{"href":"https:\/\/aconteceunovale.com.br\/portal\/index.php?rest_route=\/wp\/v2\/posts"}],"about":[{"href":"https:\/\/aconteceunovale.com.br\/portal\/index.php?rest_route=\/wp\/v2\/types\/post"}],"author":[{"embeddable":true,"href":"https:\/\/aconteceunovale.com.br\/portal\/index.php?rest_route=\/wp\/v2\/users\/1"}],"replies":[{"embeddable":true,"href":"https:\/\/aconteceunovale.com.br\/portal\/index.php?rest_route=%2Fwp%2Fv2%2Fcomments&post=49039"}],"version-history":[{"count":0,"href":"https:\/\/aconteceunovale.com.br\/portal\/index.php?rest_route=\/wp\/v2\/posts\/49039\/revisions"}],"wp:featuredmedia":[{"embeddable":true,"href":"https:\/\/aconteceunovale.com.br\/portal\/index.php?rest_route=\/wp\/v2\/media\/49040"}],"wp:attachment":[{"href":"https:\/\/aconteceunovale.com.br\/portal\/index.php?rest_route=%2Fwp%2Fv2%2Fmedia&parent=49039"}],"wp:term":[{"taxonomy":"category","embeddable":true,"href":"https:\/\/aconteceunovale.com.br\/portal\/index.php?rest_route=%2Fwp%2Fv2%2Fcategories&post=49039"},{"taxonomy":"post_tag","embeddable":true,"href":"https:\/\/aconteceunovale.com.br\/portal\/index.php?rest_route=%2Fwp%2Fv2%2Ftags&post=49039"}],"curies":[{"name":"wp","href":"https:\/\/api.w.org\/{rel}","templated":true}]}}