{"id":49037,"date":"2014-12-31T13:12:47","date_gmt":"2014-12-31T16:12:47","guid":{"rendered":"http:\/\/aconteceunovale.com.br\/portal\/?p=49037"},"modified":"2014-12-31T13:12:47","modified_gmt":"2014-12-31T16:12:47","slug":"profissional-liberal-tera-de-identificar-clientes-a-partir-de-amanha","status":"publish","type":"post","link":"https:\/\/aconteceunovale.com.br\/portal\/?p=49037","title":{"rendered":"Profissional liberal ter\u00e1 de identificar clientes a partir de amanh\u00e3"},"content":{"rendered":"<p>A partir desta quinta-feira (1\u00ba), profissionais liberais ter\u00e3o de identificar os clientes pessoas f\u00edsicas que pagarem por seus servi\u00e7os. Est\u00e3o obrigados a prestar as informa\u00e7\u00f5es m\u00e9dicos, odont\u00f3logos, fonaudi\u00f3logos, fisioterapeutas, terapeutas ocupacionais, advogados, psic\u00f3logos e psicanalistas.<\/p>\n<p>A regra est\u00e1 na Instru\u00e7\u00e3o Normativa n\u00ba 1.531, que orienta para o uso do programa multiplataforma do Carn\u00ea-Le\u00e3o relativo ao Imposto de Renda Pessoa F\u00edsica de 2015. Pela instru\u00e7\u00e3o, esses profissionais dever\u00e3o atentar para a necess\u00e1ria identifica\u00e7\u00e3o do CPF dos titulares do pagamento de cada dos servi\u00e7os. A informa\u00e7\u00e3o ser\u00e1 obrigat\u00f3ria no preenchimento da declara\u00e7\u00e3o de rendimentos das pessoas f\u00edsicas em 2016.<\/p>\n<p>Segundo a Receita Federal, o programa Recolhimento Mensal Obrigat\u00f3rio (Carn\u00ea-Le\u00e3o) de 2015, que ser\u00e1 disponibilizado em janeiro, estar\u00e1 preparado para receber as informa\u00e7\u00f5es. Os dados poder\u00e3o ser exportados pelo contribuinte que usar o programa Carn\u00ea-Le\u00e3o 2015 para a declara\u00e7\u00e3o de rendimentos do Imposto de Renda Pessoa F\u00edsica 2016.<\/p>\n<p>De acordo com a Receita, o objetivo \u00e9 evitar a reten\u00e7\u00e3o em malha de milhares de declarantes que preenchem o documento de forma correta e que, pelo fato de terem feito pagamentos de valores significativos a pessoas f\u00edsicas, podem precisar apresentar documentos comprobat\u00f3rios ao Fisco, que defende a equipara\u00e7\u00e3o dos profissionais liberais \u00e0s pessoas jur\u00eddicas da \u00e1rea de sa\u00fade que hoje est\u00e3o obrigadas a apresentar a Declara\u00e7\u00e3o de Servi\u00e7os M\u00e9dicos e de Sa\u00fade (Demed).<\/p>\n<p>Nos sistemas informatizados da Receita, constam 937.939 declara\u00e7\u00f5es retidas em malha fiscal. O maior motivo de reten\u00e7\u00e3o em malha, informou a Receita, foi omiss\u00e3o de rendimentos, presente em 52% das reten\u00e7\u00f5es. Em segundo lugar, aparecem despesas m\u00e9dicas, respondendo por 20% das reten\u00e7\u00f5es. Depois, com 10% das reten\u00e7\u00f5es, est\u00e1 a aus\u00eancia de declara\u00e7\u00e3o do Imposto sobre a Renda Retido na Fonte (Dirf), que ocorre quando a pessoa f\u00edsica declara um valor, mas o patr\u00e3o n\u00e3o apresenta essa declara\u00e7\u00e3o ou quando falta informa\u00e7\u00f5es no documento.   <\/p>\n<p><em>(Ag\u00eancia Brasil)<\/em><\/p>\n","protected":false},"excerpt":{"rendered":"<p>A partir desta quinta-feira (1\u00ba), profissionais liberais ter\u00e3o de identificar os clientes pessoas f\u00edsicas que pagarem por seus servi\u00e7os. Est\u00e3o obrigados a prestar as informa\u00e7\u00f5es m\u00e9dicos, odont\u00f3logos, fonaudi\u00f3logos, fisioterapeutas, terapeutas ocupacionais, advogados, psic\u00f3logos e psicanalistas. A regra est\u00e1 na Instru\u00e7\u00e3o Normativa n\u00ba 1.531, que orienta para o uso do programa multiplataforma do Carn\u00ea-Le\u00e3o relativo ao [&hellip;]<\/p>\n","protected":false},"author":1,"featured_media":48602,"comment_status":"open","ping_status":"closed","sticky":false,"template":"","format":"standard","meta":{"amp_status":"","footnotes":""},"categories":[6],"tags":[28483,27755,21726,28481,28480,28477,28478,28479,27751,28476,28485,28484,1464,28486,28482],"class_list":["post-49037","post","type-post","status-publish","format-standard","has-post-thumbnail","hentry","category-br","tag-advogados","tag-carne-leao","tag-declaracao","tag-fisioterapeutas","tag-fonaudiologos","tag-imposto-de-renda-pessoa-fisica","tag-medicos","tag-odontologos","tag-profissionais-liberais","tag-profissional-liberal-tera-de-identificar-clientes-a-partir-de-amanha","tag-psicanalistas","tag-psicologos","tag-receita-federal","tag-recolhimento-mensal-obrigatorio","tag-terapeutas-ocupacionais"],"_links":{"self":[{"href":"https:\/\/aconteceunovale.com.br\/portal\/index.php?rest_route=\/wp\/v2\/posts\/49037","targetHints":{"allow":["GET"]}}],"collection":[{"href":"https:\/\/aconteceunovale.com.br\/portal\/index.php?rest_route=\/wp\/v2\/posts"}],"about":[{"href":"https:\/\/aconteceunovale.com.br\/portal\/index.php?rest_route=\/wp\/v2\/types\/post"}],"author":[{"embeddable":true,"href":"https:\/\/aconteceunovale.com.br\/portal\/index.php?rest_route=\/wp\/v2\/users\/1"}],"replies":[{"embeddable":true,"href":"https:\/\/aconteceunovale.com.br\/portal\/index.php?rest_route=%2Fwp%2Fv2%2Fcomments&post=49037"}],"version-history":[{"count":0,"href":"https:\/\/aconteceunovale.com.br\/portal\/index.php?rest_route=\/wp\/v2\/posts\/49037\/revisions"}],"wp:featuredmedia":[{"embeddable":true,"href":"https:\/\/aconteceunovale.com.br\/portal\/index.php?rest_route=\/wp\/v2\/media\/48602"}],"wp:attachment":[{"href":"https:\/\/aconteceunovale.com.br\/portal\/index.php?rest_route=%2Fwp%2Fv2%2Fmedia&parent=49037"}],"wp:term":[{"taxonomy":"category","embeddable":true,"href":"https:\/\/aconteceunovale.com.br\/portal\/index.php?rest_route=%2Fwp%2Fv2%2Fcategories&post=49037"},{"taxonomy":"post_tag","embeddable":true,"href":"https:\/\/aconteceunovale.com.br\/portal\/index.php?rest_route=%2Fwp%2Fv2%2Ftags&post=49037"}],"curies":[{"name":"wp","href":"https:\/\/api.w.org\/{rel}","templated":true}]}}