{"id":49026,"date":"2014-12-31T12:34:58","date_gmt":"2014-12-31T15:34:58","guid":{"rendered":"http:\/\/aconteceunovale.com.br\/portal\/?p=49026"},"modified":"2014-12-31T12:34:58","modified_gmt":"2014-12-31T15:34:58","slug":"homem-e-preso-apos-tentativa-de-homicidio-em-rio-pardo-de-minas","status":"publish","type":"post","link":"https:\/\/aconteceunovale.com.br\/portal\/?p=49026","title":{"rendered":"Homem \u00e9 preso ap\u00f3s tentativa de homic\u00eddio em Rio Pardo de Minas"},"content":{"rendered":"<h4><strong><em>Crime aconteceu no Bairro JK em Rio Pardo de Minas. V\u00edtima de 22 anos foi socorrida e levada para hospital.<\/em><\/strong><\/h4>\n<p>Um rapaz de 23 anos foi preso ap\u00f3s esfaquear outro de 22, nesta ter\u00e7a-feira, 30 de dezembro, em um bar localizado na Avenida Beira Rio, no Bairro JK, em Rio Pardo de Minas, no Norte do Estado.<\/p>\n<p>Segundo as informa\u00e7\u00f5es da Pol\u00edcia Militar, a v\u00edtima Luan Fagner Barbosa estava na Avenida Sargento Teodomiro Malaquias, quando foi abordada e atingida nos bra\u00e7os, coxa e calcanhar. Ap\u00f3s ser socorrida, ele foi encaminhado para um hospital.<\/p>\n<p>Ainda conforme a PM, a tentativa de homic\u00eddio aconteceu porque os dois estariam acusando uma ao de outro de cometer crimes na cidade. O suspeito Jardeson Patr\u00edcio dos Santos Freitas foi levado para a delegacia. (G1)<\/p>\n","protected":false},"excerpt":{"rendered":"<p>Crime aconteceu no Bairro JK em Rio Pardo de Minas. V\u00edtima de 22 anos foi socorrida e levada para hospital. Um rapaz de 23 anos foi preso ap\u00f3s esfaquear outro de 22, nesta ter\u00e7a-feira, 30 de dezembro, em um bar localizado na Avenida Beira Rio, no Bairro JK, em Rio Pardo de Minas, no Norte [&hellip;]<\/p>\n","protected":false},"author":1,"featured_media":42404,"comment_status":"open","ping_status":"closed","sticky":false,"template":"","format":"standard","meta":{"amp_status":"","footnotes":""},"categories":[1236],"tags":[28466,28465,26137,421],"class_list":["post-49026","post","type-post","status-publish","format-standard","has-post-thumbnail","hentry","category-norte_de_minas","tag-homem-e-preso-apos-tentativa-de-homicidio-em-rio-pardo-de-minas","tag-jardeson-patricio-dos-santos-freitas","tag-luan-fagner-barbosa","tag-rio-pardo-de-minas"],"_links":{"self":[{"href":"https:\/\/aconteceunovale.com.br\/portal\/index.php?rest_route=\/wp\/v2\/posts\/49026","targetHints":{"allow":["GET"]}}],"collection":[{"href":"https:\/\/aconteceunovale.com.br\/portal\/index.php?rest_route=\/wp\/v2\/posts"}],"about":[{"href":"https:\/\/aconteceunovale.com.br\/portal\/index.php?rest_route=\/wp\/v2\/types\/post"}],"author":[{"embeddable":true,"href":"https:\/\/aconteceunovale.com.br\/portal\/index.php?rest_route=\/wp\/v2\/users\/1"}],"replies":[{"embeddable":true,"href":"https:\/\/aconteceunovale.com.br\/portal\/index.php?rest_route=%2Fwp%2Fv2%2Fcomments&post=49026"}],"version-history":[{"count":0,"href":"https:\/\/aconteceunovale.com.br\/portal\/index.php?rest_route=\/wp\/v2\/posts\/49026\/revisions"}],"wp:featuredmedia":[{"embeddable":true,"href":"https:\/\/aconteceunovale.com.br\/portal\/index.php?rest_route=\/wp\/v2\/media\/42404"}],"wp:attachment":[{"href":"https:\/\/aconteceunovale.com.br\/portal\/index.php?rest_route=%2Fwp%2Fv2%2Fmedia&parent=49026"}],"wp:term":[{"taxonomy":"category","embeddable":true,"href":"https:\/\/aconteceunovale.com.br\/portal\/index.php?rest_route=%2Fwp%2Fv2%2Fcategories&post=49026"},{"taxonomy":"post_tag","embeddable":true,"href":"https:\/\/aconteceunovale.com.br\/portal\/index.php?rest_route=%2Fwp%2Fv2%2Ftags&post=49026"}],"curies":[{"name":"wp","href":"https:\/\/api.w.org\/{rel}","templated":true}]}}